{"id":10744,"date":"2018-09-25T09:07:50","date_gmt":"2018-09-25T07:07:50","guid":{"rendered":"https:\/\/www.volmetal-handball.de\/?p=10744"},"modified":"2018-09-25T20:14:09","modified_gmt":"2018-09-25T18:14:09","slug":"bei-der-a-jugend-platzte-endlich-der-knoten-deutlicher-heimsieg-gegen-lennestadt","status":"publish","type":"post","link":"https:\/\/www.volmetal-handball.de\/?p=10744","title":{"rendered":"Bei der A-Jugend platzte endlich der Knoten. Deutlicher Heimsieg gegen Lennestadt."},"content":{"rendered":"<p class=\"s3\"><span class=\"s2\"><span class=\"bumpedFont15\">Aus der <\/span><\/span><span class=\"s2\"><span class=\"bumpedFont15\">A<\/span><\/span><span class=\"s2\"><span class=\"bumpedFont15\">-Jugend<\/span><\/span><\/p>\n<p class=\"s4\"><span class=\"s5\"><span class=\"bumpedFont15\">TuS Volme<\/span><\/span><span class=\"s5\"><span class=\"bumpedFont15\">tal <\/span><\/span><span class=\"s5\"><span class=\"bumpedFont15\">&#8211;<\/span><\/span><span class=\"s5\"><span class=\"bumpedFont15\"> H<\/span><\/span><span class=\"s5\"><span class=\"bumpedFont15\">SG <\/span><\/span><span class=\"s5\"><span class=\"bumpedFont15\">Lennestadt-W\u00fcrdinghausen<\/span><\/span> <span class=\"s5\"><span class=\"bumpedFont15\">34<\/span><\/span><span class=\"s5\"><span class=\"bumpedFont15\">:<\/span><\/span><span class=\"s5\"><span class=\"bumpedFont15\">21 <\/span><\/span><span class=\"s5\"><span class=\"bumpedFont15\">(<\/span><\/span><span class=\"s5\"><span class=\"bumpedFont15\">1<\/span><\/span><span class=\"s5\"><span class=\"bumpedFont15\">7<\/span><\/span><span class=\"s5\"><span class=\"bumpedFont15\">:<\/span><\/span><span class=\"s5\"><span class=\"bumpedFont15\">8<\/span><\/span><span class=\"s5\"><span class=\"bumpedFont15\">)<\/span><\/span><\/p>\n<p><span class=\"s6\"><span class=\"bumpedFont20\">Im <\/span><\/span><span class=\"s6\"><span class=\"bumpedFont20\">2<\/span><\/span><span class=\"s6\"><span class=\"bumpedFont20\">.<\/span><\/span><span class=\"s6\"><span class=\"bumpedFont20\"> S<\/span><\/span><span class=\"s6\"><span class=\"bumpedFont20\">piel der Saison <\/span><\/span><span class=\"s6\"><span class=\"bumpedFont20\">wollte die Mannschaft die desolate Leistung<\/span><\/span><span class=\"s6\"><span class=\"bumpedFont20\"> der Auftaktniederlage<\/span><\/span><span class=\"s6\"><span class=\"bumpedFont20\"> vergessen machen. <\/span><\/span><span class=\"s6\"><span class=\"bumpedFont20\">Zwei Wochen hatte die Mannschaft Zeit die Fehler abzustellen. <\/span><\/span><span class=\"s6\"><span class=\"bumpedFont20\">Wir mussten krankheitsbedingt auf Max Fischer verzichten.. Hi<\/span><\/span><span class=\"s6\"><span class=\"bumpedFont20\">n<\/span><\/span><span class=\"s6\"><span class=\"bumpedFont20\">zu kam Arne Kelm der nach guter Trainingswoche unsere schwache Deckung in der Mitte stabilisieren sollte. Nach sehr nerv\u00f6sem Start konnten wir uns aus e<\/span><\/span><span class=\"s6\"><span class=\"bumpedFont20\">i<\/span><\/span><span class=\"s6\"><span class=\"bumpedFont20\">ner starken Defensiven nach 10 Min<\/span><\/span><span class=\"s6\"><span class=\"bumpedFont20\">u<\/span><\/span><span class=\"s6\"><span class=\"bumpedFont20\">ten direkt auf 4:1 absetzen. Hinten lie\u00dfen wir nicht viel zu, und obwohl wir uns vorne noch in einige Einzelaktionen verzettelten konnte der Vorsprung bis zur 20 Minute bis auf 10:4 ausgebaut we<\/span><\/span><span class=\"s6\"><span class=\"bumpedFont20\">r<\/span><\/span><span class=\"s6\"><span class=\"bumpedFont20\">den.<\/span><\/span><\/p>\n<p><span class=\"s6\"><span class=\"bumpedFont20\">Nun platze endlich der Knoten und wir machten unsere Tore durch teils gutes Z<\/span><\/span><span class=\"s6\"><span class=\"bumpedFont20\">u<\/span><\/span><span class=\"s6\"><span class=\"bumpedFont20\">sammenspiel auf allen Positionen. Die Abwehr stand wesentlich besser als in der Vorwoche<\/span><\/span><span class=\"s6\"><span class=\"bumpedFont20\">, und so konnten wir mit einer beruhigenden 17.8 F\u00fchrung in die Pause gehen. <\/span><\/span><\/p>\n<p><span class=\"s6\"><span class=\"bumpedFont20\">In H\u00e4lfte zwei konnten wir unsere \u00dcberlegenheit weiter ausspielen. Spielerisch wesentlich verbessert zum Auftakt und mit einem Arne hinten der unserer Defens<\/span><\/span><span class=\"s6\"><span class=\"bumpedFont20\">i<\/span><\/span><span class=\"s6\"><span class=\"bumpedFont20\">ve einiges an Stabilit\u00e4t verlieh konnten wir die Punkte mit einem 34:21 im Tal b<\/span><\/span><span class=\"s6\"><span class=\"bumpedFont20\">e<\/span><\/span><span class=\"s6\"><span class=\"bumpedFont20\">halten. Hieran m\u00fcssen wir n\u00e4chste Woche in L\u00fcdenscheid ankn\u00fcpfen. <\/span><\/span><\/p>\n<p><span class=\"s7\"><span class=\"bumpedFont20\">Es spielten: <\/span><\/span><span class=\"s6\"><span class=\"bumpedFont20\">Jan Tigges<\/span><\/span><span class=\"s6\"><span class=\"bumpedFont20\">,<\/span><\/span> <span class=\"s6\"><span class=\"bumpedFont20\">Maurice Schnepper <\/span><\/span><span class=\"s6\"><span class=\"bumpedFont20\">4<\/span><\/span><span class=\"s6\"><span class=\"bumpedFont20\">, <\/span><\/span><span class=\"s8\"><span class=\"bumpedFont20\">Daniel Pfeiffer<\/span><\/span><span class=\"s8\"><span class=\"bumpedFont20\"> 5<\/span><\/span><span class=\"s8\"><span class=\"bumpedFont20\">,<\/span><\/span><\/p>\n<p>\u200b<span class=\"s8\"><span class=\"bumpedFont20\">Philipp Spec<\/span><\/span><span class=\"s8\"><span class=\"bumpedFont20\">k<\/span><\/span><span class=\"s8\"><span class=\"bumpedFont20\">mann <\/span><\/span><span class=\"s8\"><span class=\"bumpedFont20\">12<\/span><\/span><span class=\"s8\"><span class=\"bumpedFont20\">, Nico Brandt ,<\/span><\/span> <span class=\"s8\"><span class=\"bumpedFont20\">Philipp Krause<\/span><\/span><span class=\"s8\"><span class=\"bumpedFont20\"> 3<\/span><\/span><span class=\"s8\"><span class=\"bumpedFont20\">,<\/span><\/span><\/p>\n<p>\u200b<span class=\"s8\"><span class=\"bumpedFont20\">Julian<\/span><\/span> <span class=\"s8\"><span class=\"bumpedFont20\">Haak<\/span><\/span> <span class=\"s8\"><span class=\"bumpedFont20\">5<\/span><\/span><span class=\"s8\"><span class=\"bumpedFont20\">,<\/span><\/span><span class=\"s8\"><span class=\"bumpedFont20\"> Jonas<\/span><\/span> <span class=\"s8\"><span class=\"bumpedFont20\">Mickenhagen <\/span><\/span><span class=\"s8\"><span class=\"bumpedFont20\">2<\/span><\/span><span class=\"s8\"><span class=\"bumpedFont20\">,<\/span><\/span><span class=\"s8\"><span class=\"bumpedFont20\"> Mark Oliver Rost<\/span><\/span><span class=\"s8\"><span class=\"bumpedFont20\"> 3<\/span><\/span><span class=\"s8\"><span class=\"bumpedFont20\">, <\/span><\/span><span class=\"s8\"><span class=\"bumpedFont20\">Arne Kelm<\/span><\/span><\/p>\n<p>Text: Roger Pfeiffer\u00a0\u200b<\/p>\n","protected":false},"excerpt":{"rendered":"<p>Aus der A-Jugend TuS Volmetal &#8211; HSG Lennestadt-W\u00fcrdinghausen 34:21 (17:8) Im 2. Spiel der Saison wollte die Mannschaft die desolate Leistung der Auftaktniederlage vergessen machen. Zwei Wochen hatte die Mannschaft Zeit die Fehler abzustellen. Wir mussten krankheitsbedingt auf Max Fischer verzichten.. Hinzu kam Arne Kelm der nach guter Trainingswoche unsere schwache Deckung in der Mitte&hellip; <a class=\"more-link\" href=\"https:\/\/www.volmetal-handball.de\/?p=10744\">Weiterlesen <span class=\"screen-reader-text\">Bei der A-Jugend platzte endlich der Knoten. Deutlicher Heimsieg gegen Lennestadt.<\/span><\/a><\/p>\n","protected":false},"author":2,"featured_media":0,"comment_status":"closed","ping_status":"open","sticky":false,"template":"","format":"standard","meta":{"ngg_post_thumbnail":0,"_jetpack_memberships_contains_paid_content":false,"footnotes":""},"categories":[20],"tags":[150,35,37,33,31,38,64,119,89,29,30],"class_list":["post-10744","post","type-post","status-publish","format-standard","hentry","category-a-jugend","tag-dhb_liga3","tag-dahl","tag-green-devils","tag-hagen","tag-handball","tag-handballhoelle","tag-heimspiel","tag-kreisliga","tag-landesliga","tag-tus-volmetal","tag-tusvolmetal"],"jetpack_featured_media_url":"","jetpack_sharing_enabled":true,"_links":{"self":[{"href":"https:\/\/www.volmetal-handball.de\/index.php?rest_route=\/wp\/v2\/posts\/10744","targetHints":{"allow":["GET"]}}],"collection":[{"href":"https:\/\/www.volmetal-handball.de\/index.php?rest_route=\/wp\/v2\/posts"}],"about":[{"href":"https:\/\/www.volmetal-handball.de\/index.php?rest_route=\/wp\/v2\/types\/post"}],"author":[{"embeddable":true,"href":"https:\/\/www.volmetal-handball.de\/index.php?rest_route=\/wp\/v2\/users\/2"}],"replies":[{"embeddable":true,"href":"https:\/\/www.volmetal-handball.de\/index.php?rest_route=%2Fwp%2Fv2%2Fcomments&post=10744"}],"version-history":[{"count":1,"href":"https:\/\/www.volmetal-handball.de\/index.php?rest_route=\/wp\/v2\/posts\/10744\/revisions"}],"predecessor-version":[{"id":10745,"href":"https:\/\/www.volmetal-handball.de\/index.php?rest_route=\/wp\/v2\/posts\/10744\/revisions\/10745"}],"wp:attachment":[{"href":"https:\/\/www.volmetal-handball.de\/index.php?rest_route=%2Fwp%2Fv2%2Fmedia&parent=10744"}],"wp:term":[{"taxonomy":"category","embeddable":true,"href":"https:\/\/www.volmetal-handball.de\/index.php?rest_route=%2Fwp%2Fv2%2Fcategories&post=10744"},{"taxonomy":"post_tag","embeddable":true,"href":"https:\/\/www.volmetal-handball.de\/index.php?rest_route=%2Fwp%2Fv2%2Ftags&post=10744"}],"curies":[{"name":"wp","href":"https:\/\/api.w.org\/{rel}","templated":true}]}}