{"id":10863,"date":"2018-10-04T20:07:35","date_gmt":"2018-10-04T18:07:35","guid":{"rendered":"https:\/\/www.volmetal-handball.de\/?p=10863"},"modified":"2018-10-10T05:55:44","modified_gmt":"2018-10-10T03:55:44","slug":"ibisch-team-braucht-in-nordheim-mehr-konsequenz-wir-sind-realistisch-und-verfallen-nicht-in-unruhe-oder-hektik-sagt-volmetals-trainer","status":"publish","type":"post","link":"https:\/\/www.volmetal-handball.de\/?p=10863","title":{"rendered":"Ibisch-Team braucht in Northeim mehr Konsequenz. \u201eWir sind realistisch und verfallen nicht in Unruhe oder Hektik\u201c, sagt Volmetals Trainer."},"content":{"rendered":"<p><span style=\"color: #000000;\"><strong>Northeimer HC &#8211; TuS Volmetal<\/strong><\/span><br \/>\n<span style=\"color: #000000;\"><strong>Sonntag, 17h Schuhwallsporthalle<\/strong><\/span><\/p>\n<p><span style=\"color: #000000;\">Nach zwei Packungen in Folge reisen die Volmetaler Drittliga-Handballer am Sonntag nach Northeim. Gleich vier Spieler m\u00fcssen ersetzt werden.<\/span><\/p>\n<p class=\"article__paragraph p_1 \"><span style=\"color: #000000;\">Von einer Krise ist beim Handball-Drittligisten TuS Volmetal nach sechs Spieltagen noch nicht die Rede, dennoch steht die Mannschaft von Trainer Christoph Ibisch vor dem richtungweisenden Ausw\u00e4rtsspiel beim Northeimer HC (Sonntag, 17 Uhr) bereits ein wenig unter Druck. \u201eDie Jungs wissen selber, dass sie aktuell ein wenig ihrer Form hinterherlaufen\u201c, sagt der \u00dcbungsleiter vor dem Gastspiel beim Aufsteiger. \u201eWir m\u00fcssen wieder konsequenter abschlie\u00dfen.\u201c Zuletzt wurden au\u00dferdem zu viele einfache Fehler produziert, wodurch die Gegner zu Tempogegenst\u00f6\u00dfen eingeladen wurden.<\/span><\/p>\n<p class=\"article__paragraph p_2 \"><span style=\"color: #000000;\">Kontrahent Northeim ist mit 6:6 Punkten gut in die Saison gekommen. Mannschaftlich geschlossen mit einer kompakten 6:0-Deckung erwartet Ibisch den Gegner. \u201eUnter den aktuellen Voraussetzungen sind sie am Sonntag der Favorit, ansonsten w\u00e4re es ein Gegner auf Augenh\u00f6he\u201c, verweist der TuS-Coach auf die immer noch kritische Personallage seines Teams. Neben den verletzten Roman Warland, Manuel Treude und Niklas Polakovs fehlt am Sonntag aus privaten Gr\u00fcnden auch Dominik Domaschk. Polakovs und Warland trainieren bereits wieder, allerdings noch ohne Kontakt und k\u00f6nnten im besten Fall f\u00fcr das \u00fcbern\u00e4chste Spiel gegen Menden ein Thema sein. \u201eDas wird eng und wahrscheinlich eher noch nichts, aber es wird so langsam wieder besser\u201c, sagt Christoph Ibisch.<\/span><\/p>\n<p class=\"article__paragraph p_3 \"><span style=\"color: #000000;\">Eine Tatsache, die dem TuS vor den nun anstehenden Duellen mit Teams Augenh\u00f6he Mut machen d\u00fcrfte. Nerv\u00f6s wird im Tal noch keiner. \u201eWir sind realistisch und verfallen nicht in Unruhe oder Hektik\u201c, sagt Volmetals Trainer. Den Abstiegskampf ist der TuS ja gewohnt.<\/span><\/p>\n<p>Quelle: Westfalenpost Hagen Lokalsport<\/p>\n","protected":false},"excerpt":{"rendered":"<p>Northeimer HC &#8211; TuS Volmetal Sonntag, 17h Schuhwallsporthalle Nach zwei Packungen in Folge reisen die Volmetaler Drittliga-Handballer am Sonntag nach Northeim. Gleich vier Spieler m\u00fcssen ersetzt werden. Von einer Krise ist beim Handball-Drittligisten TuS Volmetal nach sechs Spieltagen noch nicht die Rede, dennoch steht die Mannschaft von Trainer Christoph Ibisch vor dem richtungweisenden Ausw\u00e4rtsspiel beim&hellip; <a class=\"more-link\" href=\"https:\/\/www.volmetal-handball.de\/?p=10863\">Weiterlesen <span class=\"screen-reader-text\">Ibisch-Team braucht in Northeim mehr Konsequenz. \u201eWir sind realistisch und verfallen nicht in Unruhe oder Hektik\u201c, sagt Volmetals Trainer.<\/span><\/a><\/p>\n","protected":false},"author":2,"featured_media":9079,"comment_status":"closed","ping_status":"open","sticky":false,"template":"","format":"standard","meta":{"ngg_post_thumbnail":0,"_jetpack_memberships_contains_paid_content":false,"footnotes":""},"categories":[7],"tags":[150,35,37,33,31,38,64,119,89,29,30],"class_list":["post-10863","post","type-post","status-publish","format-standard","has-post-thumbnail","hentry","category-1-herren","tag-dhb_liga3","tag-dahl","tag-green-devils","tag-hagen","tag-handball","tag-handballhoelle","tag-heimspiel","tag-kreisliga","tag-landesliga","tag-tus-volmetal","tag-tusvolmetal"],"jetpack_featured_media_url":"https:\/\/www.volmetal-handball.de\/wp-content\/uploads\/2018\/03\/IMG_7528-1.jpg","jetpack_sharing_enabled":true,"_links":{"self":[{"href":"https:\/\/www.volmetal-handball.de\/index.php?rest_route=\/wp\/v2\/posts\/10863","targetHints":{"allow":["GET"]}}],"collection":[{"href":"https:\/\/www.volmetal-handball.de\/index.php?rest_route=\/wp\/v2\/posts"}],"about":[{"href":"https:\/\/www.volmetal-handball.de\/index.php?rest_route=\/wp\/v2\/types\/post"}],"author":[{"embeddable":true,"href":"https:\/\/www.volmetal-handball.de\/index.php?rest_route=\/wp\/v2\/users\/2"}],"replies":[{"embeddable":true,"href":"https:\/\/www.volmetal-handball.de\/index.php?rest_route=%2Fwp%2Fv2%2Fcomments&post=10863"}],"version-history":[{"count":5,"href":"https:\/\/www.volmetal-handball.de\/index.php?rest_route=\/wp\/v2\/posts\/10863\/revisions"}],"predecessor-version":[{"id":10868,"href":"https:\/\/www.volmetal-handball.de\/index.php?rest_route=\/wp\/v2\/posts\/10863\/revisions\/10868"}],"wp:featuredmedia":[{"embeddable":true,"href":"https:\/\/www.volmetal-handball.de\/index.php?rest_route=\/wp\/v2\/media\/9079"}],"wp:attachment":[{"href":"https:\/\/www.volmetal-handball.de\/index.php?rest_route=%2Fwp%2Fv2%2Fmedia&parent=10863"}],"wp:term":[{"taxonomy":"category","embeddable":true,"href":"https:\/\/www.volmetal-handball.de\/index.php?rest_route=%2Fwp%2Fv2%2Fcategories&post=10863"},{"taxonomy":"post_tag","embeddable":true,"href":"https:\/\/www.volmetal-handball.de\/index.php?rest_route=%2Fwp%2Fv2%2Ftags&post=10863"}],"curies":[{"name":"wp","href":"https:\/\/api.w.org\/{rel}","templated":true}]}}