{"id":10926,"date":"2018-10-10T06:53:29","date_gmt":"2018-10-10T04:53:29","guid":{"rendered":"https:\/\/www.volmetal-handball.de\/?p=10926"},"modified":"2018-10-14T01:44:25","modified_gmt":"2018-10-13T23:44:25","slug":"hier-behalten-alle-die-absolute-ruhe-die-jungs-werden-auf-die-gegner-optimal-eingestellt-so-der-praesi-im-interview","status":"publish","type":"post","link":"https:\/\/www.volmetal-handball.de\/?p=10926","title":{"rendered":"&#8222;Hier behalten alle die absolute Ruhe. Die Jungs werden auf die Gegner optimal eingestellt,&#8220; so der Pr\u00e4si im Interview."},"content":{"rendered":"<p><span style=\"color: #000000;\"><strong>Wir bewahren die Ruhe\u201c, sagt Volmetals Handball-Chef Andre Bl\u00fcmel nach drei herben Niederlagen. <\/strong><\/span><br \/>\n<span style=\"color: #000000;\"><strong>Am Samstag gegen Menden soll wieder ein Sieg her. Ein Interview aus der Westfalenpost.<\/strong><\/span><\/p>\n<p><span style=\"color: #000000;\">Zuletzt drei herbe Niederlagen am St\u00fcck und das S\u00fcdwestfalenderby gegen die SG Menden Sauerland W\u00f6lfe am Samstag vor der Brust. Handball-Drittligist TuS Volmetal durchlebt gerade eine der schwierigsten Phasen seit dem Aufstieg vor dreieinhalb Jahren. Beim 30:35 zuletzt in Nordheim fehlten mit den verletzten Manuel Treude, Niklas Polakovs und Roman Warland sowie dem verhinderten Dominik Domaschk vier Stammkr\u00e4fte, als Drittletzter belegt das Team von Trainer Christoph Ibisch mit 3:11 Punkten und minus 48 Toren einen Abstiegsplatz. \u00dcber die aktuelle Lage sprachen wir mit Volmetals Handball-Chef Andre Bl\u00fcmel.<\/span><\/p>\n<p><span style=\"color: #000000;\">Herr Bl\u00fcmel, vor der Pleite in Northeim gab es ein 19:31 in Altj\u00fchrden und eine 18:34-Heimschlappe gegen Krefeld. Kann man bei solch einem Negativlauf als Verantwortlicher die Ruhe bewahren?<\/span><\/p>\n<p><span style=\"color: #000000;\"><strong>Andre Bl\u00fcmel:<\/strong> Hier behalten alle die absolute Ruhe. Ich bin nahe an der Mannschaft dran. Die Jungs werden auf die Gegner optimal eingestellt, das Training ist super, was fehlt ist ein Erfolgserlebnis. Wenn wir am Samstag nach dem Menden-Spiel f\u00fcnf Pluspunkte auf dem Konto haben, sieht die Welt schon wieder anders aus.<\/span><\/p>\n<p><span style=\"color: #000000;\">Worin liegt aus Ihrer Sicht die Ursache f\u00fcr den Fehlstart?<\/span><\/p>\n<p><span style=\"color: #000000;\">Zum einen in der Verletzungsmisere. Zum anderen muss man auch sehen, gegen wen wir bislang gespielt haben. Dazu geh\u00f6ren mit Krefeld, Leichlingen, Schalksm\u00fchle-Halver und Minden II die ersten Vier der Tabelle, wobei wir Minden sogar mit 29:24 geschlagen haben.<\/span><\/p>\n<p><span style=\"color: #000000;\">Aber es war auch die SG VTB Altj\u00fchrden dabei, die bisher nur gegen Volmetal gewonnen hat.<\/span><\/p>\n<p><span style=\"color: #000000;\">Altj\u00fchrden ist etwas Besonderes. Die haben eine kleine, aber mit rund 600 Leuten volle Halle, in der das Heimteam lautstark nach vorne gepusht wird. Da ist es schwer, wenn man einmal hinterherl\u00e4uft.<\/span><\/p>\n<p><span style=\"color: #000000;\">Woran mangelte es zuletzt besonders?<\/span><\/p>\n<p><span style=\"color: #000000;\">Wir bekommen viel zu viele Gegentore, vorne k\u00f6nnen wir gar nicht so viele Tore werfen wie wir sie uns hinten einfangen. Da fehlt auch ein bisschen die Abstimmung zwischen Abwehr und Torwart. Vielleicht h\u00e4tte man auch mal taktisch etwas anderes probieren m\u00fcssen, ich wei\u00df es nicht.<\/span><\/p>\n<p><span style=\"color: #000000;\">Blicken wir nach vorne: Am Samstag kommt Menden in die Sporthalle am Volmewehr. Was erwarten Sie von diesem Spiel?<\/span><\/p>\n<p><span style=\"color: #000000;\">Menden hat 7:7 Punkte, das ist eigentlich eine Mannschaft auf Augenh\u00f6he. Die bringen viele Fans mit, entsprechend gut ist in diesem Derby immer die Atmosph\u00e4re. Ich hoffe nat\u00fcrlich, dass wir am Ende als Sieger dastehen. Es ist ein Heimspiel, in dem der Druck schon etwas gr\u00f6\u00dfer ist und das wir gewinnen sollten.<\/span><\/p>\n<p><span style=\"color: #000000;\">Welche personelle Konstellation zeichnet sich f\u00fcr Samstag ab?<\/span><\/p>\n<p><span style=\"color: #000000;\">Dominik Domaschk steht wieder zur Verf\u00fcgung, er ist auch in der Abwehr ein wichtiger Faktor. Bei Niklas Polakovs m\u00fcssen wir mal abwarten, wenn es gut l\u00e4uft, kann er sein Comeback feiern. Was Manuel Treude betrifft bin ich eher skeptisch, dass es schon gegen Menden mit seiner R\u00fcckkehr klappt.<\/span><\/p>\n<p><img fetchpriority=\"high\" decoding=\"async\" class=\"alignnone size-full wp-image-10927\" src=\"https:\/\/www.volmetal-handball.de\/wp-content\/uploads\/2018\/10\/3E65AEC6-5055-4FBB-B0CD-67CB0927DA12.jpeg\" alt=\"\" width=\"940\" height=\"450\" srcset=\"https:\/\/www.volmetal-handball.de\/wp-content\/uploads\/2018\/10\/3E65AEC6-5055-4FBB-B0CD-67CB0927DA12.jpeg 940w, https:\/\/www.volmetal-handball.de\/wp-content\/uploads\/2018\/10\/3E65AEC6-5055-4FBB-B0CD-67CB0927DA12-300x144.jpeg 300w, https:\/\/www.volmetal-handball.de\/wp-content\/uploads\/2018\/10\/3E65AEC6-5055-4FBB-B0CD-67CB0927DA12-768x368.jpeg 768w, https:\/\/www.volmetal-handball.de\/wp-content\/uploads\/2018\/10\/3E65AEC6-5055-4FBB-B0CD-67CB0927DA12-627x300.jpeg 627w\" sizes=\"(max-width: 940px) 100vw, 940px\" \/><\/p>\n<p>Quelle: Westfalenpost Hagen Lokalsport<br \/>\nFoto: M. Kleinrensing<\/p>\n","protected":false},"excerpt":{"rendered":"<p>Wir bewahren die Ruhe\u201c, sagt Volmetals Handball-Chef Andre Bl\u00fcmel nach drei herben Niederlagen. Am Samstag gegen Menden soll wieder ein Sieg her. Ein Interview aus der Westfalenpost. Zuletzt drei herbe Niederlagen am St\u00fcck und das S\u00fcdwestfalenderby gegen die SG Menden Sauerland W\u00f6lfe am Samstag vor der Brust. Handball-Drittligist TuS Volmetal durchlebt gerade eine der schwierigsten&hellip; <a class=\"more-link\" href=\"https:\/\/www.volmetal-handball.de\/?p=10926\">Weiterlesen <span class=\"screen-reader-text\">&#8222;Hier behalten alle die absolute Ruhe. Die Jungs werden auf die Gegner optimal eingestellt,&#8220; so der Pr\u00e4si im Interview.<\/span><\/a><\/p>\n","protected":false},"author":2,"featured_media":10927,"comment_status":"closed","ping_status":"open","sticky":false,"template":"","format":"standard","meta":{"ngg_post_thumbnail":0,"_jetpack_memberships_contains_paid_content":false,"footnotes":""},"categories":[7,36],"tags":[150,35,37,33,31,38,64,119,89,29,30],"class_list":["post-10926","post","type-post","status-publish","format-standard","has-post-thumbnail","hentry","category-1-herren","category-green-devils","tag-dhb_liga3","tag-dahl","tag-green-devils","tag-hagen","tag-handball","tag-handballhoelle","tag-heimspiel","tag-kreisliga","tag-landesliga","tag-tus-volmetal","tag-tusvolmetal"],"jetpack_featured_media_url":"https:\/\/www.volmetal-handball.de\/wp-content\/uploads\/2018\/10\/3E65AEC6-5055-4FBB-B0CD-67CB0927DA12.jpeg","jetpack_sharing_enabled":true,"_links":{"self":[{"href":"https:\/\/www.volmetal-handball.de\/index.php?rest_route=\/wp\/v2\/posts\/10926","targetHints":{"allow":["GET"]}}],"collection":[{"href":"https:\/\/www.volmetal-handball.de\/index.php?rest_route=\/wp\/v2\/posts"}],"about":[{"href":"https:\/\/www.volmetal-handball.de\/index.php?rest_route=\/wp\/v2\/types\/post"}],"author":[{"embeddable":true,"href":"https:\/\/www.volmetal-handball.de\/index.php?rest_route=\/wp\/v2\/users\/2"}],"replies":[{"embeddable":true,"href":"https:\/\/www.volmetal-handball.de\/index.php?rest_route=%2Fwp%2Fv2%2Fcomments&post=10926"}],"version-history":[{"count":1,"href":"https:\/\/www.volmetal-handball.de\/index.php?rest_route=\/wp\/v2\/posts\/10926\/revisions"}],"predecessor-version":[{"id":10928,"href":"https:\/\/www.volmetal-handball.de\/index.php?rest_route=\/wp\/v2\/posts\/10926\/revisions\/10928"}],"wp:featuredmedia":[{"embeddable":true,"href":"https:\/\/www.volmetal-handball.de\/index.php?rest_route=\/wp\/v2\/media\/10927"}],"wp:attachment":[{"href":"https:\/\/www.volmetal-handball.de\/index.php?rest_route=%2Fwp%2Fv2%2Fmedia&parent=10926"}],"wp:term":[{"taxonomy":"category","embeddable":true,"href":"https:\/\/www.volmetal-handball.de\/index.php?rest_route=%2Fwp%2Fv2%2Fcategories&post=10926"},{"taxonomy":"post_tag","embeddable":true,"href":"https:\/\/www.volmetal-handball.de\/index.php?rest_route=%2Fwp%2Fv2%2Ftags&post=10926"}],"curies":[{"name":"wp","href":"https:\/\/api.w.org\/{rel}","templated":true}]}}