{"id":11069,"date":"2018-10-26T08:20:37","date_gmt":"2018-10-26T06:20:37","guid":{"rendered":"https:\/\/www.volmetal-handball.de\/?p=11069"},"modified":"2018-10-30T18:24:44","modified_gmt":"2018-10-30T17:24:44","slug":"gesteigertes-selbstvertrauen-soll-zum-heimsieg-gegen-spenge-fuehren-domaschk-und-bluemel-fallen-definitiv-aus","status":"publish","type":"post","link":"https:\/\/www.volmetal-handball.de\/?p=11069","title":{"rendered":"Gesteigertes Selbstvertrauen soll zum zweiten Heimsieg f\u00fchren. Domaschk und Bl\u00fcmel fallen gegen den TuS Spenge definitiv aus."},"content":{"rendered":"<p><strong><span style=\"color: #000000;\">TuS Volmetal &#8211; TuS Spenge<\/span><\/strong><br \/>\n<strong><span style=\"color: #000000;\">Samstag, 1945h Sporthalle Volmetal<\/span><\/strong><\/p>\n<p><span style=\"color: #000000;\">Das Selbstvertrauen ist gestiegen, nun soll der zweite Saisonsieg her f\u00fcr die Drittliga-Handballer vom TuS Volmetal. Am Samstagabend empf\u00e4ngt die Mannschaft um Trainer Christoph Ibisch den guten Aufsteiger TuS Spenge &#8211; 1.Herren um 19.45 Uhr in der Sporthalle Volmetal &#8212; und will dabei an die zuletzt gezeigten Leistungen ankn\u00fcpfen.\u00a0<\/span><span style=\"color: #000000;\">Denn sowohl im letzten Heimspiel gegen Menden wie auch in der vergangenen Woche bei der Ahlener SG zeigte sich, dass sich die Volmetaler wieder gefunden haben. \u201eWenn wir vern\u00fcnftig arbeiten, haben wir immer eine Chance\u201c, sagt TuS-Trainer Christoph Ibisch. So auch gegen den Aufsteiger aus Ostwestfalen, der sehr gut in die Spielzeit gekommen ist. Mit 10:8 Punkten steht Spenge derzeit auf dem achten Tabellenplatz, f\u00fcr einen Liganeuling ein sehr beachtliches Ergebnis. \u201eWie gut sie sind, zeigt unter anderem das Remis gegen Schalksm\u00fchle\u201c, wei\u00df Ibisch. Entsprechend knifflig wird die Aufgabe f\u00fcr seine Mannschaft.<\/span><\/p>\n<p><span style=\"color: #000000;\">Spenge gilt als sehr eingespieltes Team, das ohne den einen Haupttorsch\u00fctzen im Kader auskommt. Fabian Breuer, Nils van Z\u00fctphen oder Oliver Tesch am Kreis tragen sich zwar Woche f\u00fcr Woche vermehrt in die Torsch\u00fctzenliste ein, die G\u00e4ste am Samstag auf nur wenige Leistungstr\u00e4ger zu reduzieren, ist aber nicht m\u00f6glich. \u201eSie spielen strukturiert, beginnen ihre Angriffe oft mit denselben Abl\u00e4ufen\u201c, wei\u00df Volmetals Trainer. Sein Team muss also die Konzentration hoch halten, egal welcher Spieler des Gegners gerade in Aktion tritt. \u201eDas macht sie aus, keiner ragt besonders heraus. Da wei\u00df jeder, was der andere macht\u201c, so Ibisch abschlie\u00dfend zum kommenden Gegner.<\/span><\/p>\n<h3>Ohne Dominik Domaschk und Julius Bl\u00fcmel<\/h3>\n<p><span style=\"color: #000000;\">Der \u00dcbungsleiter muss am Samstag wieder auf einige Akteure verzichten. Dominik Domaschk (Ellbogen) und Julius Bl\u00fcmel (Arm) werden definitiv nicht zur Verf\u00fcgung stehen, auch der suspendierte Kevin Herzog ist erst f\u00fcr die kommende Woche wieder eingeplant. \u201eDa wird es Gespr\u00e4che geben, ich glaube aber das alles seinen geplanten Gang nimmt\u201c, sagt Ibisch.\u00a0<\/span><span style=\"color: #000000;\">Wie belastbar die Rekonvaleszenten Roman Warland und Marvin M\u00fcller sind, entscheidet sich nach dem Aufw\u00e4rmen. Beide trainieren seit geraumer Zeit wieder intensiver, ob es aber f\u00fcr einen Einsatz unter Wettkampfbedingungen reicht, ist noch nicht klar.<\/span><\/p>\n<p><span style=\"color: #000000;\">Eine wichtige Rolle nehmen am Samstag die Torh\u00fcter der beiden Teams ein. Da freut es Ibisch nat\u00fcrlich, dass er sich auf gleich drei starke Schlussm\u00e4nner verlassen kann. Neben Sidney Quick, der in der Abwesenheit des verletzten Manuel Treude einen guten Job machte, ist auch J\u00f6rn Maiss weiter dabei. Bei Treude gilt es noch zu abwarten, ob er bereits f\u00fcr die vollen 60 Minuten einsatzbereit ist. Egal wer von den dreien zum Einsatz kommt, Ibisch wei\u00df, dass er gute Alternativen auf der Ersatzbank hat.<\/span><\/p>\n<p><strong><span style=\"color: #008000;\"><a style=\"color: #008000;\" href=\"http:\/\/liveticker.sis-handball.org\/overview\/show\/001519418000000000000000000000000023000\">Den Liveticker gibt es Samstag ab 1945h hier!<\/a><\/span><\/strong><\/p>\n<p><span style=\"color: #000000;\"><strong>Quelle:<\/strong><br \/>\nWestfalenpost Hagen Lokalsport Fabian Vogel<\/span><\/p>\n<p><img fetchpriority=\"high\" decoding=\"async\" class=\"alignnone size-large wp-image-10264\" src=\"https:\/\/www.volmetal-handball.de\/wp-content\/uploads\/2018\/08\/2AE8865F-6DC5-4598-8BC7-79F76F19185A-724x1024.jpeg\" alt=\"\" width=\"724\" height=\"1024\" srcset=\"https:\/\/www.volmetal-handball.de\/wp-content\/uploads\/2018\/08\/2AE8865F-6DC5-4598-8BC7-79F76F19185A-724x1024.jpeg 724w, https:\/\/www.volmetal-handball.de\/wp-content\/uploads\/2018\/08\/2AE8865F-6DC5-4598-8BC7-79F76F19185A-212x300.jpeg 212w, https:\/\/www.volmetal-handball.de\/wp-content\/uploads\/2018\/08\/2AE8865F-6DC5-4598-8BC7-79F76F19185A-768x1086.jpeg 768w, https:\/\/www.volmetal-handball.de\/wp-content\/uploads\/2018\/08\/2AE8865F-6DC5-4598-8BC7-79F76F19185A.jpeg 1052w\" sizes=\"(max-width: 724px) 100vw, 724px\" \/><\/p>\n","protected":false},"excerpt":{"rendered":"<p>TuS Volmetal &#8211; TuS Spenge Samstag, 1945h Sporthalle Volmetal Das Selbstvertrauen ist gestiegen, nun soll der zweite Saisonsieg her f\u00fcr die Drittliga-Handballer vom TuS Volmetal. Am Samstagabend empf\u00e4ngt die Mannschaft um Trainer Christoph Ibisch den guten Aufsteiger TuS Spenge &#8211; 1.Herren um 19.45 Uhr in der Sporthalle Volmetal &#8212; und will dabei an die zuletzt&hellip; <a class=\"more-link\" href=\"https:\/\/www.volmetal-handball.de\/?p=11069\">Weiterlesen <span class=\"screen-reader-text\">Gesteigertes Selbstvertrauen soll zum zweiten Heimsieg f\u00fchren. Domaschk und Bl\u00fcmel fallen gegen den TuS Spenge definitiv aus.<\/span><\/a><\/p>\n","protected":false},"author":2,"featured_media":11052,"comment_status":"closed","ping_status":"open","sticky":false,"template":"","format":"standard","meta":{"ngg_post_thumbnail":0,"_jetpack_memberships_contains_paid_content":false,"footnotes":""},"categories":[7,36],"tags":[150,35,37,33,31,38,64,119,89,29,30],"class_list":["post-11069","post","type-post","status-publish","format-standard","has-post-thumbnail","hentry","category-1-herren","category-green-devils","tag-dhb_liga3","tag-dahl","tag-green-devils","tag-hagen","tag-handball","tag-handballhoelle","tag-heimspiel","tag-kreisliga","tag-landesliga","tag-tus-volmetal","tag-tusvolmetal"],"jetpack_featured_media_url":"https:\/\/www.volmetal-handball.de\/wp-content\/uploads\/2018\/10\/Plakat5_271018-TuS-Spenge.jpg","jetpack_sharing_enabled":true,"_links":{"self":[{"href":"https:\/\/www.volmetal-handball.de\/index.php?rest_route=\/wp\/v2\/posts\/11069","targetHints":{"allow":["GET"]}}],"collection":[{"href":"https:\/\/www.volmetal-handball.de\/index.php?rest_route=\/wp\/v2\/posts"}],"about":[{"href":"https:\/\/www.volmetal-handball.de\/index.php?rest_route=\/wp\/v2\/types\/post"}],"author":[{"embeddable":true,"href":"https:\/\/www.volmetal-handball.de\/index.php?rest_route=\/wp\/v2\/users\/2"}],"replies":[{"embeddable":true,"href":"https:\/\/www.volmetal-handball.de\/index.php?rest_route=%2Fwp%2Fv2%2Fcomments&post=11069"}],"version-history":[{"count":10,"href":"https:\/\/www.volmetal-handball.de\/index.php?rest_route=\/wp\/v2\/posts\/11069\/revisions"}],"predecessor-version":[{"id":11080,"href":"https:\/\/www.volmetal-handball.de\/index.php?rest_route=\/wp\/v2\/posts\/11069\/revisions\/11080"}],"wp:featuredmedia":[{"embeddable":true,"href":"https:\/\/www.volmetal-handball.de\/index.php?rest_route=\/wp\/v2\/media\/11052"}],"wp:attachment":[{"href":"https:\/\/www.volmetal-handball.de\/index.php?rest_route=%2Fwp%2Fv2%2Fmedia&parent=11069"}],"wp:term":[{"taxonomy":"category","embeddable":true,"href":"https:\/\/www.volmetal-handball.de\/index.php?rest_route=%2Fwp%2Fv2%2Fcategories&post=11069"},{"taxonomy":"post_tag","embeddable":true,"href":"https:\/\/www.volmetal-handball.de\/index.php?rest_route=%2Fwp%2Fv2%2Ftags&post=11069"}],"curies":[{"name":"wp","href":"https:\/\/api.w.org\/{rel}","templated":true}]}}