{"id":11358,"date":"2018-11-21T06:53:42","date_gmt":"2018-11-21T05:53:42","guid":{"rendered":"https:\/\/www.volmetal-handball.de\/?p=11358"},"modified":"2018-11-29T10:45:38","modified_gmt":"2018-11-29T09:45:38","slug":"heute-im-video-interview-roman-warland-unser-rueckraumspieler-kommt-nach-einer-langwierigen-verletzung-langsam-wieder-in-tritt","status":"publish","type":"post","link":"https:\/\/www.volmetal-handball.de\/?p=11358","title":{"rendered":"Heute im Video-Interview&#8230; Roman Warland. Unser R\u00fcckraumspieler kommt nach einer langwierigen Verletzung langsam wieder in Tritt."},"content":{"rendered":"<p><span style=\"color: #000000;\"><strong>Heute im Interview, Roman Warland.<br \/>\n<\/strong>Unsere R\u00fcckraumspieler hatte in diesem Jahr mit zwei langwierigen Verletzungen zu k\u00e4mpfen und findet langsam wieder in die Erfolgsspur zur\u00fcck.<\/span><br \/>\n<span style=\"color: #000000;\">Hier erz\u00e4hlt er uns, was den TV Halingen und den TuS Volmetal verbindet und wie es ihm nach dem spannenden Spiel gegen die Bergischen Panther geht. Schaut mal rein&#8230;<\/span><\/p>\n<h2><span style=\"color: #008000;\"><a style=\"color: #008000;\" href=\"https:\/\/www.youtube.com\/watch?v=gRbFwxshsu4&amp;t=2s\"><strong>Hier geht&#8217;s zum Video, bitte klicken!<\/strong><\/a><\/span><\/h2>\n<p><img fetchpriority=\"high\" decoding=\"async\" class=\"alignnone size-large wp-image-11359\" src=\"https:\/\/www.volmetal-handball.de\/wp-content\/uploads\/2018\/11\/IMG_6878-1024x569.jpg\" alt=\"\" width=\"900\" height=\"500\" srcset=\"https:\/\/www.volmetal-handball.de\/wp-content\/uploads\/2018\/11\/IMG_6878-1024x569.jpg 1024w, https:\/\/www.volmetal-handball.de\/wp-content\/uploads\/2018\/11\/IMG_6878-300x167.jpg 300w, https:\/\/www.volmetal-handball.de\/wp-content\/uploads\/2018\/11\/IMG_6878-768x427.jpg 768w, https:\/\/www.volmetal-handball.de\/wp-content\/uploads\/2018\/11\/IMG_6878-540x300.jpg 540w, https:\/\/www.volmetal-handball.de\/wp-content\/uploads\/2018\/11\/IMG_6878.jpg 1263w\" sizes=\"(max-width: 900px) 100vw, 900px\" \/><\/p>\n","protected":false},"excerpt":{"rendered":"<p>Heute im Interview, Roman Warland. Unsere R\u00fcckraumspieler hatte in diesem Jahr mit zwei langwierigen Verletzungen zu k\u00e4mpfen und findet langsam wieder in die Erfolgsspur zur\u00fcck. Hier erz\u00e4hlt er uns, was den TV Halingen und den TuS Volmetal verbindet und wie es ihm nach dem spannenden Spiel gegen die Bergischen Panther geht. Schaut mal rein&#8230; Hier&hellip; <a class=\"more-link\" href=\"https:\/\/www.volmetal-handball.de\/?p=11358\">Weiterlesen <span class=\"screen-reader-text\">Heute im Video-Interview&#8230; Roman Warland. Unser R\u00fcckraumspieler kommt nach einer langwierigen Verletzung langsam wieder in Tritt.<\/span><\/a><\/p>\n","protected":false},"author":2,"featured_media":11361,"comment_status":"closed","ping_status":"open","sticky":false,"template":"","format":"standard","meta":{"ngg_post_thumbnail":0,"_jetpack_memberships_contains_paid_content":false,"footnotes":""},"categories":[7,36],"tags":[150,46,35,123,37,33,31,38,64,29,30,72],"class_list":["post-11358","post","type-post","status-publish","format-standard","has-post-thumbnail","hentry","category-1-herren","category-green-devils","tag-dhb_liga3","tag-d-jugend","tag-dahl","tag-dhb","tag-green-devils","tag-hagen","tag-handball","tag-handballhoelle","tag-heimspiel","tag-tus-volmetal","tag-tusvolmetal","tag-volmetal"],"jetpack_featured_media_url":"https:\/\/www.volmetal-handball.de\/wp-content\/uploads\/2018\/11\/IMG_6878-1.jpg","jetpack_sharing_enabled":true,"_links":{"self":[{"href":"https:\/\/www.volmetal-handball.de\/index.php?rest_route=\/wp\/v2\/posts\/11358","targetHints":{"allow":["GET"]}}],"collection":[{"href":"https:\/\/www.volmetal-handball.de\/index.php?rest_route=\/wp\/v2\/posts"}],"about":[{"href":"https:\/\/www.volmetal-handball.de\/index.php?rest_route=\/wp\/v2\/types\/post"}],"author":[{"embeddable":true,"href":"https:\/\/www.volmetal-handball.de\/index.php?rest_route=\/wp\/v2\/users\/2"}],"replies":[{"embeddable":true,"href":"https:\/\/www.volmetal-handball.de\/index.php?rest_route=%2Fwp%2Fv2%2Fcomments&post=11358"}],"version-history":[{"count":3,"href":"https:\/\/www.volmetal-handball.de\/index.php?rest_route=\/wp\/v2\/posts\/11358\/revisions"}],"predecessor-version":[{"id":11368,"href":"https:\/\/www.volmetal-handball.de\/index.php?rest_route=\/wp\/v2\/posts\/11358\/revisions\/11368"}],"wp:featuredmedia":[{"embeddable":true,"href":"https:\/\/www.volmetal-handball.de\/index.php?rest_route=\/wp\/v2\/media\/11361"}],"wp:attachment":[{"href":"https:\/\/www.volmetal-handball.de\/index.php?rest_route=%2Fwp%2Fv2%2Fmedia&parent=11358"}],"wp:term":[{"taxonomy":"category","embeddable":true,"href":"https:\/\/www.volmetal-handball.de\/index.php?rest_route=%2Fwp%2Fv2%2Fcategories&post=11358"},{"taxonomy":"post_tag","embeddable":true,"href":"https:\/\/www.volmetal-handball.de\/index.php?rest_route=%2Fwp%2Fv2%2Ftags&post=11358"}],"curies":[{"name":"wp","href":"https:\/\/api.w.org\/{rel}","templated":true}]}}