{"id":11415,"date":"2018-11-30T08:50:05","date_gmt":"2018-11-30T07:50:05","guid":{"rendered":"https:\/\/www.volmetal-handball.de\/?p=11415"},"modified":"2018-12-02T18:28:12","modified_gmt":"2018-12-02T17:28:12","slug":"die-sg-langenfeld-wird-nicht-unterschaetzt-der-vorbericht-aus-der-westfalenpost-hagen","status":"publish","type":"post","link":"https:\/\/www.volmetal-handball.de\/?p=11415","title":{"rendered":"Positiver Trend im Tal aber die SG Langenfeld wird nicht untersch\u00e4tzt! Der Vorbericht aus der Westfalenpost Hagen."},"content":{"rendered":"<p><span style=\"color: #000000;\">TuS Volmetal will positiven Trend fortsetzen<br \/>\n<\/span><span style=\"color: #000000;\">3. Handball-Liga: Mit einem Erfolg beim Schlusslicht Langenfeld kann sich der TuS absetzen. Der Vorbericht aus der Westfalenpost.<\/span><\/p>\n<p><span style=\"color: #000000;\">Von Serienbrechern zu Serient\u00e4tern k\u00f6nnte der Handball-Drittligist TuS Volmetal am Wochenende werden. Mit einem m\u00f6glichen Erfolg beim Tabellenschlusslicht SG Langenfeld w\u00fcrde die Mannschaft von Trainer Christoph Ibisch zudem einen direkten Konkurrenten im Rennen um den Klassenerhalt auf Distanz halten.<\/span><\/p>\n<p><span style=\"color: #000000;\">Doch nur weil Langenfeld derzeit Tabellenletzter ist, wird das Ausw\u00e4rtsspiel am Samstag (19.30 Uhr, Konrad-Adenauer-Gymnasium, Lindberghstra\u00dfe, Langenfeld) alles andere als ein Selbstl\u00e4ufer. \u201eDas ist eigentlich eine Mannschaft, bei der es mich wundert dass sie so weit unten stehen\u201c, sagt Christoph Ibisch. Die Langenfelder verf\u00fcgen \u00fcber viele gut ausgebildete Spieler, entsprechend erwartet der Volmetaler Coach einen technischen versierten Gegner. \u201eSie sind au\u00dferdem sehr spielstark, das wird alles andere als ein Selbstl\u00e4ufer\u201c, sagt Ibisch \u00fcber den Tabellenletzten.<span class=\"Apple-converted-space\">\u00a0<\/span><\/span><\/p>\n<p><span style=\"color: #000000;\">Au\u00dferdem stellt der Volmetaler \u00dcbungsleiter sein Team auf einen Gegner ein, der vor allem \u00fcber seine mannschaftliche Geschlossenheit kommt. \u201eSie haben nicht den einen \u00fcberragenden Spieler, wir m\u00fcssen auf der Hut sein\u201c, sagt Ibisch.<\/span><\/p>\n<p><span style=\"color: #000000;\">Der Aufsteiger aus der Regionalliga Nordrhein zeigt in dieser Saison sehr schwankende Leistungen. Knappen Niederlagen gegen Teams aus der oberen Tabellenregion stehen hohe Pleiten gegen direkte Konkurrenten aus dem Tabellenkeller gegen\u00fcber.<\/span><\/p>\n<p><span style=\"color: #000000;\">Doch Ibisch m\u00f6chte ohnehin mehr auf sein eigenes Team schauen, denn das bereitete ihm in den vergangenen Wochen viel Freude. Mit dem Sieg gegen die Bergischen Panther endete f\u00fcr den TuS eine zweimonatige Durststrecke ohne Sieg, eine Woche sp\u00e4ter wurde auch der ein Jahr andauernde Ausw\u00e4rtsfluch mit dem Erfolg in Gro\u00dfenheidorn beendet. \u201eDas hat allen im Verein gut getan\u201c, sagt der \u00dcbungsleiter der Gr\u00fcn-Wei\u00dfen. Wenn es nach ihm geht, soll das am Wochenende fortgesetzt werden, mit einem Sieg gegen Langenfeld k\u00f6nnten die Volmetaler kurz vor Ende der Hinrunde Luft zwischen sich und die gef\u00e4hrlichen Pl\u00e4tze bringen.<\/span><\/p>\n<p><span style=\"color: #000000;\">Daf\u00fcr stehen Ibisch alle Akteur zur Verf\u00fcgung, dennoch sind nicht alle im Vollbesitz ihrer Kr\u00e4fte. Manuel Treude hat Probleme mit dem R\u00fccken, Roman Warland mit dem Handgelenk und Julius Bl\u00fcmel musste das Training unter der Woche wegen anhaltender Schmerzen im Unterarm abbrechen. Bei Lorenz Schlotmann steht noch eine Diagnose nach Erkrankung aus.<\/span><\/p>\n<p><span style=\"color: #000000;\">Quelle: Fabian Vogel Westfalenpost Hagen Lokalsport.<\/span><\/p>\n<p><span class=\"Apple-converted-space\">\u00a0<\/span><\/p>\n","protected":false},"excerpt":{"rendered":"<p>TuS Volmetal will positiven Trend fortsetzen 3. Handball-Liga: Mit einem Erfolg beim Schlusslicht Langenfeld kann sich der TuS absetzen. Der Vorbericht aus der Westfalenpost. Von Serienbrechern zu Serient\u00e4tern k\u00f6nnte der Handball-Drittligist TuS Volmetal am Wochenende werden. Mit einem m\u00f6glichen Erfolg beim Tabellenschlusslicht SG Langenfeld w\u00fcrde die Mannschaft von Trainer Christoph Ibisch zudem einen direkten Konkurrenten&hellip; <a class=\"more-link\" href=\"https:\/\/www.volmetal-handball.de\/?p=11415\">Weiterlesen <span class=\"screen-reader-text\">Positiver Trend im Tal aber die SG Langenfeld wird nicht untersch\u00e4tzt! Der Vorbericht aus der Westfalenpost Hagen.<\/span><\/a><\/p>\n","protected":false},"author":2,"featured_media":9079,"comment_status":"closed","ping_status":"open","sticky":false,"template":"","format":"standard","meta":{"ngg_post_thumbnail":0,"_jetpack_memberships_contains_paid_content":false,"footnotes":""},"categories":[7,36],"tags":[150,46,35,123,37,33,31,38,64,29,30,72],"class_list":["post-11415","post","type-post","status-publish","format-standard","has-post-thumbnail","hentry","category-1-herren","category-green-devils","tag-dhb_liga3","tag-d-jugend","tag-dahl","tag-dhb","tag-green-devils","tag-hagen","tag-handball","tag-handballhoelle","tag-heimspiel","tag-tus-volmetal","tag-tusvolmetal","tag-volmetal"],"jetpack_featured_media_url":"https:\/\/www.volmetal-handball.de\/wp-content\/uploads\/2018\/03\/IMG_7528-1.jpg","jetpack_sharing_enabled":true,"_links":{"self":[{"href":"https:\/\/www.volmetal-handball.de\/index.php?rest_route=\/wp\/v2\/posts\/11415","targetHints":{"allow":["GET"]}}],"collection":[{"href":"https:\/\/www.volmetal-handball.de\/index.php?rest_route=\/wp\/v2\/posts"}],"about":[{"href":"https:\/\/www.volmetal-handball.de\/index.php?rest_route=\/wp\/v2\/types\/post"}],"author":[{"embeddable":true,"href":"https:\/\/www.volmetal-handball.de\/index.php?rest_route=\/wp\/v2\/users\/2"}],"replies":[{"embeddable":true,"href":"https:\/\/www.volmetal-handball.de\/index.php?rest_route=%2Fwp%2Fv2%2Fcomments&post=11415"}],"version-history":[{"count":3,"href":"https:\/\/www.volmetal-handball.de\/index.php?rest_route=\/wp\/v2\/posts\/11415\/revisions"}],"predecessor-version":[{"id":11420,"href":"https:\/\/www.volmetal-handball.de\/index.php?rest_route=\/wp\/v2\/posts\/11415\/revisions\/11420"}],"wp:featuredmedia":[{"embeddable":true,"href":"https:\/\/www.volmetal-handball.de\/index.php?rest_route=\/wp\/v2\/media\/9079"}],"wp:attachment":[{"href":"https:\/\/www.volmetal-handball.de\/index.php?rest_route=%2Fwp%2Fv2%2Fmedia&parent=11415"}],"wp:term":[{"taxonomy":"category","embeddable":true,"href":"https:\/\/www.volmetal-handball.de\/index.php?rest_route=%2Fwp%2Fv2%2Fcategories&post=11415"},{"taxonomy":"post_tag","embeddable":true,"href":"https:\/\/www.volmetal-handball.de\/index.php?rest_route=%2Fwp%2Fv2%2Ftags&post=11415"}],"curies":[{"name":"wp","href":"https:\/\/api.w.org\/{rel}","templated":true}]}}