{"id":11474,"date":"2018-12-05T06:00:36","date_gmt":"2018-12-05T05:00:36","guid":{"rendered":"https:\/\/www.volmetal-handball.de\/?p=11474"},"modified":"2018-12-09T17:56:00","modified_gmt":"2018-12-09T16:56:00","slug":"erste-zusagen-fuer-die-kommende-saison-frederik-kowalski-und-julius-bluemel-verlaengern-vor-dem-heimspiel-gegen-longerich","status":"publish","type":"post","link":"https:\/\/www.volmetal-handball.de\/?p=11474","title":{"rendered":"Erste Zusagen f\u00fcr die kommende Saison. Frederik Kowalski und Julius Bl\u00fcmel verl\u00e4ngern vor dem Heimspiel gegen Longerich."},"content":{"rendered":"<p><strong><span style=\"color: #000000;\">Gute Nachrichten aus dem Tal!<\/span><\/strong><br \/>\n<strong><span style=\"color: #000000;\">Der Kapit\u00e4n bleibt an Bord, Jupse Bl\u00fcmel ebenfalls.<\/span><\/strong><\/p>\n<p><span style=\"color: #000000;\">Unser Spielf\u00fchrer Frede Kowalski und Eigengew\u00e4chs Julius Bl\u00fcmel spielen auch im n\u00e4chsten Jahr f\u00fcr den TuS!<span class=\"Apple-converted-space\">\u00a0 <\/span>Tolles Signal von den Beiden, weitere Verhandlungen laufen positiv und wir werden zeitnah berichten!<span class=\"Apple-converted-space\">\u00a0<\/span><\/span><\/p>\n<p><span style=\"color: #000000;\">#einmaltalerimmertaler<\/span><\/p>\n<figure id=\"attachment_11321\" aria-describedby=\"caption-attachment-11321\" style=\"width: 900px\" class=\"wp-caption alignnone\"><img fetchpriority=\"high\" decoding=\"async\" class=\"wp-image-11321 size-large\" src=\"https:\/\/www.volmetal-handball.de\/wp-content\/uploads\/2018\/11\/HAB_3527-1024x683.jpg\" alt=\"\" width=\"900\" height=\"600\" \/><figcaption id=\"caption-attachment-11321\" class=\"wp-caption-text\">Julius Bl\u00fcmel verl\u00e4ngert im Tal.<\/figcaption><\/figure>\n<figure id=\"attachment_10547\" aria-describedby=\"caption-attachment-10547\" style=\"width: 900px\" class=\"wp-caption alignnone\"><img decoding=\"async\" class=\"wp-image-10547 size-large\" src=\"https:\/\/www.volmetal-handball.de\/wp-content\/uploads\/2018\/09\/TAL_6444-1024x684.jpg\" alt=\"\" width=\"900\" height=\"601\" \/><figcaption id=\"caption-attachment-10547\" class=\"wp-caption-text\">Der Kapit\u00e4n bleibt an Bord!<\/figcaption><\/figure>\n","protected":false},"excerpt":{"rendered":"<p>Gute Nachrichten aus dem Tal! Der Kapit\u00e4n bleibt an Bord, Jupse Bl\u00fcmel ebenfalls. Unser Spielf\u00fchrer Frede Kowalski und Eigengew\u00e4chs Julius Bl\u00fcmel spielen auch im n\u00e4chsten Jahr f\u00fcr den TuS!\u00a0 Tolles Signal von den Beiden, weitere Verhandlungen laufen positiv und wir werden zeitnah berichten!\u00a0 #einmaltalerimmertaler<\/p>\n","protected":false},"author":2,"featured_media":0,"comment_status":"closed","ping_status":"open","sticky":false,"template":"","format":"standard","meta":{"ngg_post_thumbnail":0,"_jetpack_memberships_contains_paid_content":false,"footnotes":""},"categories":[7,36],"tags":[150,46,35,123,37,33,31,38,64,119,89,29,30,72],"class_list":["post-11474","post","type-post","status-publish","format-standard","hentry","category-1-herren","category-green-devils","tag-dhb_liga3","tag-d-jugend","tag-dahl","tag-dhb","tag-green-devils","tag-hagen","tag-handball","tag-handballhoelle","tag-heimspiel","tag-kreisliga","tag-landesliga","tag-tus-volmetal","tag-tusvolmetal","tag-volmetal"],"jetpack_featured_media_url":"","jetpack_sharing_enabled":true,"_links":{"self":[{"href":"https:\/\/www.volmetal-handball.de\/index.php?rest_route=\/wp\/v2\/posts\/11474","targetHints":{"allow":["GET"]}}],"collection":[{"href":"https:\/\/www.volmetal-handball.de\/index.php?rest_route=\/wp\/v2\/posts"}],"about":[{"href":"https:\/\/www.volmetal-handball.de\/index.php?rest_route=\/wp\/v2\/types\/post"}],"author":[{"embeddable":true,"href":"https:\/\/www.volmetal-handball.de\/index.php?rest_route=\/wp\/v2\/users\/2"}],"replies":[{"embeddable":true,"href":"https:\/\/www.volmetal-handball.de\/index.php?rest_route=%2Fwp%2Fv2%2Fcomments&post=11474"}],"version-history":[{"count":2,"href":"https:\/\/www.volmetal-handball.de\/index.php?rest_route=\/wp\/v2\/posts\/11474\/revisions"}],"predecessor-version":[{"id":11476,"href":"https:\/\/www.volmetal-handball.de\/index.php?rest_route=\/wp\/v2\/posts\/11474\/revisions\/11476"}],"wp:attachment":[{"href":"https:\/\/www.volmetal-handball.de\/index.php?rest_route=%2Fwp%2Fv2%2Fmedia&parent=11474"}],"wp:term":[{"taxonomy":"category","embeddable":true,"href":"https:\/\/www.volmetal-handball.de\/index.php?rest_route=%2Fwp%2Fv2%2Fcategories&post=11474"},{"taxonomy":"post_tag","embeddable":true,"href":"https:\/\/www.volmetal-handball.de\/index.php?rest_route=%2Fwp%2Fv2%2Ftags&post=11474"}],"curies":[{"name":"wp","href":"https:\/\/api.w.org\/{rel}","templated":true}]}}