{"id":12760,"date":"2019-04-24T16:45:56","date_gmt":"2019-04-24T14:45:56","guid":{"rendered":"https:\/\/www.volmetal-handball.de\/?p=12760"},"modified":"2019-04-24T08:05:26","modified_gmt":"2019-04-24T06:05:26","slug":"jan-koenig-bleibt-ein-taler-ich-bin-uebergluecklich-das-diese-entscheidung-jetzt-getroffen-ist","status":"publish","type":"post","link":"https:\/\/www.volmetal-handball.de\/?p=12760","title":{"rendered":"Vertragsabschluss und ein klares Bekenntnis zum TuS Volmetal \u00fcber die Saison hinaus. Jan K\u00f6nig bleibt ein Taler! &#8222;Ich bin \u00fcbergl\u00fccklich dar\u00fcber, dass diese Entscheidung jetzt getroffen ist!&#8220;"},"content":{"rendered":"\n<p class=\"has-text-color has-very-dark-gray-color\"><strong>&#8222;K\u00f6nigstransfer&#8220; im Volmetal in trockenen T\u00fcchern. <br>Bekenntnis zum TuS auch \u00fcber die Saison hinaus.  <\/strong><\/p>\n\n\n\n<p class=\"has-text-color has-very-dark-gray-color\">Kaum eine Personalie hat die sportbegeisterten Hagener in den letzten Wochen so interessiert wie die Frage: <br><em>Bleibt Jan K\u00f6nig im Tal, oder bleibt er nicht? <\/em><br>Wir k\u00f6nnen heute vor dem wichtigen Heimspiel gegen die SG Langenfeld Vollzug melden: <strong>ER BLEIBT!<\/strong><br><\/p>\n\n\n\n<p class=\"has-text-color has-very-dark-gray-color\">&#8222;Ich bin \u00fcbergl\u00fccklich dar\u00fcber, dass diese Entscheidung jetzt endlich gefallen ist. Es hat ja doch l\u00e4nger gedauert als erwartet&#8220;, so Jan im Video-Interview (siehe unten). &#8222;In der n\u00e4chsten Saison habe ich die Doppelbelastung nicht mehr.&#8220; <\/p>\n\n\n\n<p class=\"has-text-color has-very-dark-gray-color\">Aktuell f\u00fchrt K\u00f6nig mit 266 Toren (davon 96 Siebenmeter-Treffer) die Torsch\u00fctzenliste der 3. Handall Liga-West an. Deutschlandweit gibt es in den h\u00f6heren Ligen keinen besseren Sch\u00fctzen. Und damit ist er nat\u00fcrlich auch f\u00fcr andere Vereine interessant geworden. Umso stolzer ist der gesamte Verein, dass sich Jan f\u00fcr ein weiteres Jahr auf das Projekt &#8220; TuS Volmetal&#8220; einl\u00e4sst. <\/p>\n\n\n\n<p class=\"has-text-color has-very-dark-gray-color\">&#8222;Die gef\u00fchrte Gespr\u00e4che fanden immer auf Augenh\u00f6he statt. F\u00fcr einen jungen Spieler wie Jan ist es wichtig Spielpraxis auf hohem Liganiveau zu sammeln. Da ist er bei uns im richtigen Verein. Nachdem sein Vertrag bei der Eintracht nicht verl\u00e4ngert wurde, waren wir nat\u00fcrlich in st\u00e4ndigen Gespr\u00e4chen mit Jan und seinem Berater. Wir wollen die Mannschaft und die Fans mit dieser vor einigen Tagen getroffenen und heute ver\u00f6ffentlichen Neuigkeit noch einmal zus\u00e4tzlich f\u00fcr die kommende Aufgabe gegen Langenfeld pushen um die letzten Zweifel am Klassenerhalt zu beseitigen,&#8220; so Teammanager Philipp (Pippo) Br\u00fcggemann. <\/p>\n\n\n\n<p class=\"has-text-color has-very-dark-gray-color\">Der geb\u00fcrtige Schwerter K\u00f6nig erlernte das Handballspielen bei der HSG Schwerte-Westhofen. \u00dcber den TV Gro\u00dfwallstadt und die TBV Lemgo ging es 2017 zum VFL Eintracht Hagen. Seit der aktuellen Saison ist Jan mit einem Zweitspielrecht auch f\u00fcr den TuS Volmetal ausgestattet. <\/p>\n\n\n\n<p class=\"has-text-color has-very-dark-gray-color\">Nat\u00fcrlich freut sich auch Trainer Christoph Ibisch \u00fcber die Vertragsunterzeichnung. &#8222;Die Zusage von Jan kam sp\u00e4t, doch wir haben alles daf\u00fcr getan um ihn halten zu k\u00f6nnen. Er ist aktuell Deutschlandweit der beste Torsch\u00fctze, wenn man von so einem Spieler die Zusage bekommt ist das wie auch schon bei meiner Verl\u00e4ngerung geschildert ein klares Zeichen f\u00fcr den Verein, das Team und die Arbeit die wir tun. Ich freue mich sehr dar\u00fcber, dass Jan auch in der kommenden Spielzeit das Tus-Trikot tr\u00e4gt.&#8220;<\/p>\n\n\n\n<p class=\"has-text-color has-very-dark-gray-color\">\u201eEr passt nicht nur sportlich, sondern insbesondere auch menschlich bei uns in den Verein. Jan ist ein absoluter Familienmensch, der von Anfang an in der Mannschaft integriert war. Auf der Platte und auch au\u00dferhalb ist er fester Bestandteil des Teams. F\u00fcr uns ist es ein weiterer und gro\u00dfer Schritt in die richtige Richtung,&#8220; so Marketingleiter Jens Schilling. <\/p>\n\n\n\n<p class=\"has-text-color has-very-dark-gray-color\">Hier geht es zum Video-Interview mit Jan auf unserer YouTube Seite.<br>Bitte klickt zum \u00f6ffnen auf den Link unter dem Foto.<\/p>\n\n\n\n<figure class=\"wp-block-image\"><img fetchpriority=\"high\" decoding=\"async\" width=\"1024\" height=\"703\" src=\"https:\/\/www.volmetal-handball.de\/wp-content\/uploads\/2019\/04\/9DCD9D31-BCE6-48B3-B3FE-8CF166202B53-1024x703.jpeg\" alt=\"\" class=\"wp-image-12809\" srcset=\"https:\/\/www.volmetal-handball.de\/wp-content\/uploads\/2019\/04\/9DCD9D31-BCE6-48B3-B3FE-8CF166202B53-1024x703.jpeg 1024w, https:\/\/www.volmetal-handball.de\/wp-content\/uploads\/2019\/04\/9DCD9D31-BCE6-48B3-B3FE-8CF166202B53-300x206.jpeg 300w, https:\/\/www.volmetal-handball.de\/wp-content\/uploads\/2019\/04\/9DCD9D31-BCE6-48B3-B3FE-8CF166202B53-768x527.jpeg 768w, https:\/\/www.volmetal-handball.de\/wp-content\/uploads\/2019\/04\/9DCD9D31-BCE6-48B3-B3FE-8CF166202B53-437x300.jpeg 437w, https:\/\/www.volmetal-handball.de\/wp-content\/uploads\/2019\/04\/9DCD9D31-BCE6-48B3-B3FE-8CF166202B53.jpeg 1411w\" sizes=\"(max-width: 1024px) 100vw, 1024px\" \/><figcaption><a href=\"https:\/\/www.youtube.com\/watch?v=s8nAUpICRlA&amp;feature=youtu.be\">https:\/\/www.youtube.com\/watch?v=s8nAUpICRlA&amp;feature=youtu.be<\/a><\/figcaption><\/figure>\n\n\n\n<p><\/p>\n","protected":false},"excerpt":{"rendered":"<p>&#8222;K\u00f6nigstransfer&#8220; im Volmetal in trockenen T\u00fcchern. Bekenntnis zum TuS auch \u00fcber die Saison hinaus. Kaum eine Personalie hat die sportbegeisterten Hagener in den letzten Wochen so interessiert wie die Frage: Bleibt Jan K\u00f6nig im Tal, oder bleibt er nicht? Wir k\u00f6nnen heute vor dem wichtigen Heimspiel gegen die SG Langenfeld Vollzug melden: ER BLEIBT! &#8222;Ich&hellip; <a class=\"more-link\" href=\"https:\/\/www.volmetal-handball.de\/?p=12760\">Weiterlesen <span class=\"screen-reader-text\">Vertragsabschluss und ein klares Bekenntnis zum TuS Volmetal \u00fcber die Saison hinaus. Jan K\u00f6nig bleibt ein Taler! &#8222;Ich bin \u00fcbergl\u00fccklich dar\u00fcber, dass diese Entscheidung jetzt getroffen ist!&#8220;<\/span><\/a><\/p>\n","protected":false},"author":2,"featured_media":12807,"comment_status":"closed","ping_status":"open","sticky":false,"template":"","format":"standard","meta":{"ngg_post_thumbnail":0,"_jetpack_memberships_contains_paid_content":false,"footnotes":""},"categories":[7,36],"tags":[150,35,123,37,33,31,38,64,43,29,30,72],"class_list":["post-12760","post","type-post","status-publish","format-standard","has-post-thumbnail","hentry","category-1-herren","category-green-devils","tag-dhb_liga3","tag-dahl","tag-dhb","tag-green-devils","tag-hagen","tag-handball","tag-handballhoelle","tag-heimspiel","tag-homepage","tag-tus-volmetal","tag-tusvolmetal","tag-volmetal"],"jetpack_featured_media_url":"https:\/\/www.volmetal-handball.de\/wp-content\/uploads\/2019\/04\/HAB_5621-3.jpg","jetpack_sharing_enabled":true,"_links":{"self":[{"href":"https:\/\/www.volmetal-handball.de\/index.php?rest_route=\/wp\/v2\/posts\/12760","targetHints":{"allow":["GET"]}}],"collection":[{"href":"https:\/\/www.volmetal-handball.de\/index.php?rest_route=\/wp\/v2\/posts"}],"about":[{"href":"https:\/\/www.volmetal-handball.de\/index.php?rest_route=\/wp\/v2\/types\/post"}],"author":[{"embeddable":true,"href":"https:\/\/www.volmetal-handball.de\/index.php?rest_route=\/wp\/v2\/users\/2"}],"replies":[{"embeddable":true,"href":"https:\/\/www.volmetal-handball.de\/index.php?rest_route=%2Fwp%2Fv2%2Fcomments&post=12760"}],"version-history":[{"count":10,"href":"https:\/\/www.volmetal-handball.de\/index.php?rest_route=\/wp\/v2\/posts\/12760\/revisions"}],"predecessor-version":[{"id":12812,"href":"https:\/\/www.volmetal-handball.de\/index.php?rest_route=\/wp\/v2\/posts\/12760\/revisions\/12812"}],"wp:featuredmedia":[{"embeddable":true,"href":"https:\/\/www.volmetal-handball.de\/index.php?rest_route=\/wp\/v2\/media\/12807"}],"wp:attachment":[{"href":"https:\/\/www.volmetal-handball.de\/index.php?rest_route=%2Fwp%2Fv2%2Fmedia&parent=12760"}],"wp:term":[{"taxonomy":"category","embeddable":true,"href":"https:\/\/www.volmetal-handball.de\/index.php?rest_route=%2Fwp%2Fv2%2Fcategories&post=12760"},{"taxonomy":"post_tag","embeddable":true,"href":"https:\/\/www.volmetal-handball.de\/index.php?rest_route=%2Fwp%2Fv2%2Ftags&post=12760"}],"curies":[{"name":"wp","href":"https:\/\/api.w.org\/{rel}","templated":true}]}}