{"id":13008,"date":"2019-05-18T12:47:33","date_gmt":"2019-05-18T10:47:33","guid":{"rendered":"https:\/\/www.volmetal-handball.de\/?p=13008"},"modified":"2019-05-19T10:12:35","modified_gmt":"2019-05-19T08:12:35","slug":"unser-kader-fuer-die-kommende-drittliga-saison-beginn-der-spielzeit-ist-ende-august","status":"publish","type":"post","link":"https:\/\/www.volmetal-handball.de\/?p=13008","title":{"rendered":"Unser Kader f\u00fcr die kommende Drittliga-Saison. Beginn der neuen Spielzeit ist Ende August."},"content":{"rendered":"\n<p class=\"has-text-color has-very-dark-gray-color\">Nach der Saison ist vor der Saison und so wollen wir Euch heute die neue Mannschaft f\u00fcr die n\u00e4chste Drittliga-Spielzeit vorstellen. Zum ersten Mal in den letzten Jahren gibt es einen gr\u00f6\u00dferen Umbruch beim TuS. Gar nicht so einfach den Durchblick zu behalten. Aus diesem Grund werden wir bis zum Saisonstart Ende August in den kommenden Monaten immer wieder die einzelnen Spieler vorstellen. Hier schon einmal vorab unser Kader f\u00fcr 2019\/2020 in der 3. Handball Liga-West:<\/p>\n\n\n\n<p class=\"has-text-color has-very-dark-gray-color\"><br><strong>Tor:<\/strong><br>Sydney Quick<br>Jannis Michel<br>Manuel Treude<br><br><strong>Links Au\u00dfen:<\/strong><br>Nils Stange<br>Ole K\u00e4hler<br>Julius Bl\u00fcmel<br><br><strong>Rechts Au\u00dfen:<\/strong><br>Philipp Moog<br>Jonas Heidemann<br><br><strong>R\u00fcckraum:<\/strong><br>Silas Kaufmann<br>Frieder Krause<br>Mats Pf\u00e4nder<br>Erik Irle<br>Dominik Domaschk<br>Jan K\u00f6nig<br>Yannis Grasediek <br><br><strong>Kreis:<\/strong><br>Frederik Kowalski<br>Joel J\u00fcnger<br><br><strong>Trainer:<\/strong><br>Christoph Ibisch<br>Marc Rode<br><br><strong>Physio:<\/strong><br>Gesa Sauter <br><br><strong>Teammanager:<\/strong><br>Philipp Br\u00fcggemann<\/p>\n\n\n\n<p class=\"has-text-color has-very-dark-gray-color\"><br>Weitere Informationen und Fotos folgen in den kommenden Wochen.<br>#einmaltalerimmertaler<\/p>\n\n\n\n<figure class=\"wp-block-image\"><img fetchpriority=\"high\" decoding=\"async\" width=\"1024\" height=\"683\" src=\"https:\/\/www.volmetal-handball.de\/wp-content\/uploads\/2019\/02\/DSC_7112-1024x683.jpg\" alt=\"\" class=\"wp-image-11927\" srcset=\"https:\/\/www.volmetal-handball.de\/wp-content\/uploads\/2019\/02\/DSC_7112.jpg 1024w, https:\/\/www.volmetal-handball.de\/wp-content\/uploads\/2019\/02\/DSC_7112-300x200.jpg 300w, https:\/\/www.volmetal-handball.de\/wp-content\/uploads\/2019\/02\/DSC_7112-768x512.jpg 768w, https:\/\/www.volmetal-handball.de\/wp-content\/uploads\/2019\/02\/DSC_7112-450x300.jpg 450w\" sizes=\"(max-width: 1024px) 100vw, 1024px\" \/><\/figure>\n","protected":false},"excerpt":{"rendered":"<p>Nach der Saison ist vor der Saison und so wollen wir Euch heute die neue Mannschaft f\u00fcr die n\u00e4chste Drittliga-Spielzeit vorstellen. Zum ersten Mal in den letzten Jahren gibt es einen gr\u00f6\u00dferen Umbruch beim TuS. Gar nicht so einfach den Durchblick zu behalten. Aus diesem Grund werden wir bis zum Saisonstart Ende August in den&hellip; <a class=\"more-link\" href=\"https:\/\/www.volmetal-handball.de\/?p=13008\">Weiterlesen <span class=\"screen-reader-text\">Unser Kader f\u00fcr die kommende Drittliga-Saison. Beginn der neuen Spielzeit ist Ende August.<\/span><\/a><\/p>\n","protected":false},"author":2,"featured_media":11411,"comment_status":"closed","ping_status":"open","sticky":false,"template":"","format":"standard","meta":{"ngg_post_thumbnail":0,"_jetpack_memberships_contains_paid_content":false,"footnotes":""},"categories":[7,1],"tags":[150,35,37,33,31,38,64,119,89,29,30],"class_list":["post-13008","post","type-post","status-publish","format-standard","has-post-thumbnail","hentry","category-1-herren","category-allgemein","tag-dhb_liga3","tag-dahl","tag-green-devils","tag-hagen","tag-handball","tag-handballhoelle","tag-heimspiel","tag-kreisliga","tag-landesliga","tag-tus-volmetal","tag-tusvolmetal"],"jetpack_featured_media_url":"https:\/\/www.volmetal-handball.de\/wp-content\/uploads\/2018\/11\/20160905_173413.jpg","jetpack_sharing_enabled":true,"_links":{"self":[{"href":"https:\/\/www.volmetal-handball.de\/index.php?rest_route=\/wp\/v2\/posts\/13008","targetHints":{"allow":["GET"]}}],"collection":[{"href":"https:\/\/www.volmetal-handball.de\/index.php?rest_route=\/wp\/v2\/posts"}],"about":[{"href":"https:\/\/www.volmetal-handball.de\/index.php?rest_route=\/wp\/v2\/types\/post"}],"author":[{"embeddable":true,"href":"https:\/\/www.volmetal-handball.de\/index.php?rest_route=\/wp\/v2\/users\/2"}],"replies":[{"embeddable":true,"href":"https:\/\/www.volmetal-handball.de\/index.php?rest_route=%2Fwp%2Fv2%2Fcomments&post=13008"}],"version-history":[{"count":5,"href":"https:\/\/www.volmetal-handball.de\/index.php?rest_route=\/wp\/v2\/posts\/13008\/revisions"}],"predecessor-version":[{"id":13013,"href":"https:\/\/www.volmetal-handball.de\/index.php?rest_route=\/wp\/v2\/posts\/13008\/revisions\/13013"}],"wp:featuredmedia":[{"embeddable":true,"href":"https:\/\/www.volmetal-handball.de\/index.php?rest_route=\/wp\/v2\/media\/11411"}],"wp:attachment":[{"href":"https:\/\/www.volmetal-handball.de\/index.php?rest_route=%2Fwp%2Fv2%2Fmedia&parent=13008"}],"wp:term":[{"taxonomy":"category","embeddable":true,"href":"https:\/\/www.volmetal-handball.de\/index.php?rest_route=%2Fwp%2Fv2%2Fcategories&post=13008"},{"taxonomy":"post_tag","embeddable":true,"href":"https:\/\/www.volmetal-handball.de\/index.php?rest_route=%2Fwp%2Fv2%2Ftags&post=13008"}],"curies":[{"name":"wp","href":"https:\/\/api.w.org\/{rel}","templated":true}]}}