{"id":14728,"date":"2020-01-14T17:10:36","date_gmt":"2020-01-14T16:10:36","guid":{"rendered":"https:\/\/www.volmetal-handball.de\/?p=14728"},"modified":"2020-01-20T17:18:34","modified_gmt":"2020-01-20T16:18:34","slug":"procar-automobile-baut-seine-unterstuetzung-beim-tus-volmetal-weiter-aus","status":"publish","type":"post","link":"https:\/\/www.volmetal-handball.de\/?p=14728","title":{"rendered":"Procar Automobile baut seine Unterst\u00fctzung beim TuS Volmetal weiter aus. Aufw\u00e4rmshirts und Taschen f\u00fcr die Vierte."},"content":{"rendered":"\n<p class=\"has-text-color has-very-dark-gray-color\">Vielen Dank an unseren Mobilit\u00e4tspartner&nbsp;Procar Automobile&nbsp;Hagen f\u00fcr die Unterst\u00fctzung der vierten Mannschaft. Neben Sporttaschen konnten das Team vom Procar Serviceleiter Stefan Wurmstich und Service-Berater Kevin Bittner auch neue Aufw\u00e4rmshirts beim letzten Training in Empfang nehmen.&nbsp;<\/p>\n\n\n\n<p class=\"has-text-color has-very-dark-gray-color\">Au\u00dferdem geht unser Dankesch\u00f6n an den Verkaufsleiter Bastian Hell sowie an Dirk Domaschk f\u00fcr die Unterst\u00fctzung des TuS Volmetal.&nbsp;<\/p>\n\n\n\n<figure class=\"wp-block-image size-large\"><img fetchpriority=\"high\" decoding=\"async\" width=\"1024\" height=\"671\" src=\"https:\/\/www.volmetal-handball.de\/wp-content\/uploads\/2020\/01\/CW0A9378-1024x671.jpg\" alt=\"\" class=\"wp-image-14718\" srcset=\"https:\/\/www.volmetal-handball.de\/wp-content\/uploads\/2020\/01\/CW0A9378-1024x671.jpg 1024w, https:\/\/www.volmetal-handball.de\/wp-content\/uploads\/2020\/01\/CW0A9378-300x197.jpg 300w, https:\/\/www.volmetal-handball.de\/wp-content\/uploads\/2020\/01\/CW0A9378-768x504.jpg 768w, https:\/\/www.volmetal-handball.de\/wp-content\/uploads\/2020\/01\/CW0A9378-1536x1007.jpg 1536w, https:\/\/www.volmetal-handball.de\/wp-content\/uploads\/2020\/01\/CW0A9378-2048x1343.jpg 2048w, https:\/\/www.volmetal-handball.de\/wp-content\/uploads\/2020\/01\/CW0A9378-458x300.jpg 458w\" sizes=\"(max-width: 1024px) 100vw, 1024px\" \/><\/figure>\n\n\n\n<figure class=\"wp-block-image size-large\"><img decoding=\"async\" width=\"1024\" height=\"366\" src=\"https:\/\/www.volmetal-handball.de\/wp-content\/uploads\/2019\/10\/pro-1024x366.jpg\" alt=\"\" class=\"wp-image-14057\" srcset=\"https:\/\/www.volmetal-handball.de\/wp-content\/uploads\/2019\/10\/pro-1024x366.jpg 1024w, https:\/\/www.volmetal-handball.de\/wp-content\/uploads\/2019\/10\/pro-300x107.jpg 300w, https:\/\/www.volmetal-handball.de\/wp-content\/uploads\/2019\/10\/pro-768x274.jpg 768w, https:\/\/www.volmetal-handball.de\/wp-content\/uploads\/2019\/10\/pro-840x300.jpg 840w\" sizes=\"(max-width: 1024px) 100vw, 1024px\" \/><\/figure>\n","protected":false},"excerpt":{"rendered":"<p>Vielen Dank an unseren Mobilit\u00e4tspartner&nbsp;Procar Automobile&nbsp;Hagen f\u00fcr die Unterst\u00fctzung der vierten Mannschaft. Neben Sporttaschen konnten das Team vom Procar Serviceleiter Stefan Wurmstich und Service-Berater Kevin Bittner auch neue Aufw\u00e4rmshirts beim letzten Training in Empfang nehmen.&nbsp; Au\u00dferdem geht unser Dankesch\u00f6n an den Verkaufsleiter Bastian Hell sowie an Dirk Domaschk f\u00fcr die Unterst\u00fctzung des TuS Volmetal.&nbsp;<\/p>\n","protected":false},"author":2,"featured_media":14057,"comment_status":"closed","ping_status":"open","sticky":false,"template":"","format":"standard","meta":{"ngg_post_thumbnail":0,"_jetpack_memberships_contains_paid_content":false,"footnotes":""},"categories":[12],"tags":[150,46,35,123,37,33,31,38,64,119,89,29,30,72],"class_list":["post-14728","post","type-post","status-publish","format-standard","has-post-thumbnail","hentry","category-4-herren","tag-dhb_liga3","tag-d-jugend","tag-dahl","tag-dhb","tag-green-devils","tag-hagen","tag-handball","tag-handballhoelle","tag-heimspiel","tag-kreisliga","tag-landesliga","tag-tus-volmetal","tag-tusvolmetal","tag-volmetal"],"jetpack_featured_media_url":"https:\/\/www.volmetal-handball.de\/wp-content\/uploads\/2019\/10\/pro.jpg","jetpack_sharing_enabled":true,"_links":{"self":[{"href":"https:\/\/www.volmetal-handball.de\/index.php?rest_route=\/wp\/v2\/posts\/14728","targetHints":{"allow":["GET"]}}],"collection":[{"href":"https:\/\/www.volmetal-handball.de\/index.php?rest_route=\/wp\/v2\/posts"}],"about":[{"href":"https:\/\/www.volmetal-handball.de\/index.php?rest_route=\/wp\/v2\/types\/post"}],"author":[{"embeddable":true,"href":"https:\/\/www.volmetal-handball.de\/index.php?rest_route=\/wp\/v2\/users\/2"}],"replies":[{"embeddable":true,"href":"https:\/\/www.volmetal-handball.de\/index.php?rest_route=%2Fwp%2Fv2%2Fcomments&post=14728"}],"version-history":[{"count":4,"href":"https:\/\/www.volmetal-handball.de\/index.php?rest_route=\/wp\/v2\/posts\/14728\/revisions"}],"predecessor-version":[{"id":14765,"href":"https:\/\/www.volmetal-handball.de\/index.php?rest_route=\/wp\/v2\/posts\/14728\/revisions\/14765"}],"wp:featuredmedia":[{"embeddable":true,"href":"https:\/\/www.volmetal-handball.de\/index.php?rest_route=\/wp\/v2\/media\/14057"}],"wp:attachment":[{"href":"https:\/\/www.volmetal-handball.de\/index.php?rest_route=%2Fwp%2Fv2%2Fmedia&parent=14728"}],"wp:term":[{"taxonomy":"category","embeddable":true,"href":"https:\/\/www.volmetal-handball.de\/index.php?rest_route=%2Fwp%2Fv2%2Fcategories&post=14728"},{"taxonomy":"post_tag","embeddable":true,"href":"https:\/\/www.volmetal-handball.de\/index.php?rest_route=%2Fwp%2Fv2%2Ftags&post=14728"}],"curies":[{"name":"wp","href":"https:\/\/api.w.org\/{rel}","templated":true}]}}