{"id":15877,"date":"2020-09-16T07:16:34","date_gmt":"2020-09-16T05:16:34","guid":{"rendered":"https:\/\/www.volmetal-handball.de\/?p=15877"},"modified":"2020-09-22T16:34:18","modified_gmt":"2020-09-22T14:34:18","slug":"das-offizielle-mannschaftsfoto-der-ersten-mannschaft-mittendrin-statt-nur-dabei-unser-tus-trabi","status":"publish","type":"post","link":"https:\/\/www.volmetal-handball.de\/?p=15877","title":{"rendered":"Das offizielle Mannschaftsfoto der ersten Mannschaft. Mittendrin statt nur dabei, unser TuS-Trabi."},"content":{"rendered":"\n<p class=\"has-black-color has-text-color\"><strong>Hier das offizielle Mannschaftsfoto f\u00fcr die Saison 2020\/2021.<\/strong><\/p>\n\n\n\n<p class=\"has-black-color has-text-color\"><strong>Im Kader unseres Drittliga-Teams:<\/strong><br>Silas Kaufmann, Jonas Heidemann, Frederik Kowalski, Julius Bl\u00fcmel, Manuel Treude, Ole K\u00e4hler, Nils Stange, Philipp Moog, Mats Pf\u00e4nder (obere Reihe von links).<\/p>\n\n\n\n<p class=\"has-black-color has-text-color\">Philipp Br\u00fcggemann (Teammanager), Kai Ferber, Bj\u00f6rn Althoff (Co-Trainer), Cedric Geitmann, Sydney Quick, Dominik Domaschk, Frieder Krause, Jannis Michel, Joel J\u00fcnger, Luca Sackmann, Andr\u00e9 Bl\u00fcmel (Handball-Abteilungsleiter), Marc Rode (Trainer) und vorne im TuS-Trabi Gesa Sauter (Physiotherapeutin) (untere Reihe von links).<\/p>\n\n\n\n<p class=\"has-black-color has-text-color\">Vielen Dank an PFPKK Katrin Kraja f\u00fcr die Unterst\u00fctzung &#x1f49a;<\/p>\n\n\n\n<figure class=\"wp-block-image size-large\"><img fetchpriority=\"high\" decoding=\"async\" width=\"1024\" height=\"765\" src=\"https:\/\/www.volmetal-handball.de\/wp-content\/uploads\/2020\/09\/D53009D6-E773-4970-B075-060731867F8A-1024x765.jpeg\" alt=\"\" class=\"wp-image-15874\" srcset=\"https:\/\/www.volmetal-handball.de\/wp-content\/uploads\/2020\/09\/D53009D6-E773-4970-B075-060731867F8A-1024x765.jpeg 1024w, https:\/\/www.volmetal-handball.de\/wp-content\/uploads\/2020\/09\/D53009D6-E773-4970-B075-060731867F8A-300x224.jpeg 300w, https:\/\/www.volmetal-handball.de\/wp-content\/uploads\/2020\/09\/D53009D6-E773-4970-B075-060731867F8A-768x574.jpeg 768w, https:\/\/www.volmetal-handball.de\/wp-content\/uploads\/2020\/09\/D53009D6-E773-4970-B075-060731867F8A-1536x1147.jpeg 1536w, https:\/\/www.volmetal-handball.de\/wp-content\/uploads\/2020\/09\/D53009D6-E773-4970-B075-060731867F8A-2048x1529.jpeg 2048w, https:\/\/www.volmetal-handball.de\/wp-content\/uploads\/2020\/09\/D53009D6-E773-4970-B075-060731867F8A-402x300.jpeg 402w\" sizes=\"(max-width: 1024px) 100vw, 1024px\" \/><\/figure>\n","protected":false},"excerpt":{"rendered":"<p>Hier das offizielle Mannschaftsfoto f\u00fcr die Saison 2020\/2021. Im Kader unseres Drittliga-Teams:Silas Kaufmann, Jonas Heidemann, Frederik Kowalski, Julius Bl\u00fcmel, Manuel Treude, Ole K\u00e4hler, Nils Stange, Philipp Moog, Mats Pf\u00e4nder (obere Reihe von links). Philipp Br\u00fcggemann (Teammanager), Kai Ferber, Bj\u00f6rn Althoff (Co-Trainer), Cedric Geitmann, Sydney Quick, Dominik Domaschk, Frieder Krause, Jannis Michel, Joel J\u00fcnger, Luca Sackmann,&hellip; <a class=\"more-link\" href=\"https:\/\/www.volmetal-handball.de\/?p=15877\">Weiterlesen <span class=\"screen-reader-text\">Das offizielle Mannschaftsfoto der ersten Mannschaft. Mittendrin statt nur dabei, unser TuS-Trabi.<\/span><\/a><\/p>\n","protected":false},"author":2,"featured_media":15874,"comment_status":"closed","ping_status":"open","sticky":false,"template":"","format":"standard","meta":{"ngg_post_thumbnail":0,"_jetpack_memberships_contains_paid_content":false,"footnotes":""},"categories":[7,36],"tags":[150,35,123,182,99,37,33,31,38,64,119,89,29,30,72],"class_list":["post-15877","post","type-post","status-publish","format-standard","has-post-thumbnail","hentry","category-1-herren","category-green-devils","tag-dhb_liga3","tag-dahl","tag-dhb","tag-einmaltalerimmertaler","tag-erima","tag-green-devils","tag-hagen","tag-handball","tag-handballhoelle","tag-heimspiel","tag-kreisliga","tag-landesliga","tag-tus-volmetal","tag-tusvolmetal","tag-volmetal"],"jetpack_featured_media_url":"https:\/\/www.volmetal-handball.de\/wp-content\/uploads\/2020\/09\/D53009D6-E773-4970-B075-060731867F8A-scaled.jpeg","jetpack_sharing_enabled":true,"_links":{"self":[{"href":"https:\/\/www.volmetal-handball.de\/index.php?rest_route=\/wp\/v2\/posts\/15877","targetHints":{"allow":["GET"]}}],"collection":[{"href":"https:\/\/www.volmetal-handball.de\/index.php?rest_route=\/wp\/v2\/posts"}],"about":[{"href":"https:\/\/www.volmetal-handball.de\/index.php?rest_route=\/wp\/v2\/types\/post"}],"author":[{"embeddable":true,"href":"https:\/\/www.volmetal-handball.de\/index.php?rest_route=\/wp\/v2\/users\/2"}],"replies":[{"embeddable":true,"href":"https:\/\/www.volmetal-handball.de\/index.php?rest_route=%2Fwp%2Fv2%2Fcomments&post=15877"}],"version-history":[{"count":2,"href":"https:\/\/www.volmetal-handball.de\/index.php?rest_route=\/wp\/v2\/posts\/15877\/revisions"}],"predecessor-version":[{"id":15880,"href":"https:\/\/www.volmetal-handball.de\/index.php?rest_route=\/wp\/v2\/posts\/15877\/revisions\/15880"}],"wp:featuredmedia":[{"embeddable":true,"href":"https:\/\/www.volmetal-handball.de\/index.php?rest_route=\/wp\/v2\/media\/15874"}],"wp:attachment":[{"href":"https:\/\/www.volmetal-handball.de\/index.php?rest_route=%2Fwp%2Fv2%2Fmedia&parent=15877"}],"wp:term":[{"taxonomy":"category","embeddable":true,"href":"https:\/\/www.volmetal-handball.de\/index.php?rest_route=%2Fwp%2Fv2%2Fcategories&post=15877"},{"taxonomy":"post_tag","embeddable":true,"href":"https:\/\/www.volmetal-handball.de\/index.php?rest_route=%2Fwp%2Fv2%2Ftags&post=15877"}],"curies":[{"name":"wp","href":"https:\/\/api.w.org\/{rel}","templated":true}]}}