{"id":15905,"date":"2020-09-24T22:40:57","date_gmt":"2020-09-24T20:40:57","guid":{"rendered":"https:\/\/www.volmetal-handball.de\/?p=15905"},"modified":"2020-09-27T08:00:41","modified_gmt":"2020-09-27T06:00:41","slug":"sommer-interview-diesmal-mit-frieder-krause-der-leistungstraeger-gibt-uns-eine-uebersicht-zur-aktuellen-situation-vor-dem-saisonstart","status":"publish","type":"post","link":"https:\/\/www.volmetal-handball.de\/?p=15905","title":{"rendered":"Sommer-Interview, diesmal mit Frieder Krause. Der Leistungstr\u00e4ger gibt uns eine  \u00dcbersicht zur aktuellen Situation vor dem Saisonstart."},"content":{"rendered":"\n<p class=\"has-black-color has-text-color\">In der Reihe unserer Sommer-Interviews ist diesmal Frieder Krause in der Grillh\u00fctte zu Gast. Seit 2019 im Volmetal geh\u00f6rt er zu den absoluten Leistungstr\u00e4gern in der Mannschaft. Hier im Gespr\u00e4ch erkl\u00e4rt er unter anderem, warum sein Saisonziel die Torj\u00e4ger-Kanone ist und warum die A45 sein zweites Zuhause genannt wird.<\/p>\n\n\n\n<figure class=\"wp-block-embed-youtube wp-block-embed is-type-video is-provider-youtube wp-embed-aspect-16-9 wp-has-aspect-ratio\"><div class=\"wp-block-embed__wrapper\">\n<div class=\"jetpack-video-wrapper\"><iframe title=\"Sommer-Interviews des TuS Volmetal. Diesmal zu Gast, Frieder Krause.\" width=\"900\" height=\"506\" src=\"https:\/\/www.youtube.com\/embed\/V8e_M9IhwVo?feature=oembed\" frameborder=\"0\" allow=\"accelerometer; autoplay; clipboard-write; encrypted-media; gyroscope; picture-in-picture\" allowfullscreen><\/iframe><\/div>\n<\/div><\/figure>\n","protected":false},"excerpt":{"rendered":"<p>In der Reihe unserer Sommer-Interviews ist diesmal Frieder Krause in der Grillh\u00fctte zu Gast. Seit 2019 im Volmetal geh\u00f6rt er zu den absoluten Leistungstr\u00e4gern in der Mannschaft. Hier im Gespr\u00e4ch erkl\u00e4rt er unter anderem, warum sein Saisonziel die Torj\u00e4ger-Kanone ist und warum die A45 sein zweites Zuhause genannt wird.<\/p>\n","protected":false},"author":2,"featured_media":15910,"comment_status":"closed","ping_status":"open","sticky":false,"template":"","format":"standard","meta":{"ngg_post_thumbnail":0,"_jetpack_memberships_contains_paid_content":false,"footnotes":""},"categories":[7,36],"tags":[150,35,123,182,99,37,33,31,38,64,119,89,29,30,72],"class_list":["post-15905","post","type-post","status-publish","format-standard","has-post-thumbnail","hentry","category-1-herren","category-green-devils","tag-dhb_liga3","tag-dahl","tag-dhb","tag-einmaltalerimmertaler","tag-erima","tag-green-devils","tag-hagen","tag-handball","tag-handballhoelle","tag-heimspiel","tag-kreisliga","tag-landesliga","tag-tus-volmetal","tag-tusvolmetal","tag-volmetal"],"jetpack_featured_media_url":"https:\/\/www.volmetal-handball.de\/wp-content\/uploads\/2020\/09\/IMG_E72E0A48CF1D-1.jpeg","jetpack_sharing_enabled":true,"_links":{"self":[{"href":"https:\/\/www.volmetal-handball.de\/index.php?rest_route=\/wp\/v2\/posts\/15905","targetHints":{"allow":["GET"]}}],"collection":[{"href":"https:\/\/www.volmetal-handball.de\/index.php?rest_route=\/wp\/v2\/posts"}],"about":[{"href":"https:\/\/www.volmetal-handball.de\/index.php?rest_route=\/wp\/v2\/types\/post"}],"author":[{"embeddable":true,"href":"https:\/\/www.volmetal-handball.de\/index.php?rest_route=\/wp\/v2\/users\/2"}],"replies":[{"embeddable":true,"href":"https:\/\/www.volmetal-handball.de\/index.php?rest_route=%2Fwp%2Fv2%2Fcomments&post=15905"}],"version-history":[{"count":1,"href":"https:\/\/www.volmetal-handball.de\/index.php?rest_route=\/wp\/v2\/posts\/15905\/revisions"}],"predecessor-version":[{"id":15906,"href":"https:\/\/www.volmetal-handball.de\/index.php?rest_route=\/wp\/v2\/posts\/15905\/revisions\/15906"}],"wp:featuredmedia":[{"embeddable":true,"href":"https:\/\/www.volmetal-handball.de\/index.php?rest_route=\/wp\/v2\/media\/15910"}],"wp:attachment":[{"href":"https:\/\/www.volmetal-handball.de\/index.php?rest_route=%2Fwp%2Fv2%2Fmedia&parent=15905"}],"wp:term":[{"taxonomy":"category","embeddable":true,"href":"https:\/\/www.volmetal-handball.de\/index.php?rest_route=%2Fwp%2Fv2%2Fcategories&post=15905"},{"taxonomy":"post_tag","embeddable":true,"href":"https:\/\/www.volmetal-handball.de\/index.php?rest_route=%2Fwp%2Fv2%2Ftags&post=15905"}],"curies":[{"name":"wp","href":"https:\/\/api.w.org\/{rel}","templated":true}]}}