{"id":18219,"date":"2021-10-12T19:02:35","date_gmt":"2021-10-12T17:02:35","guid":{"rendered":"https:\/\/www.volmetal-handball.de\/?p=18219"},"modified":"2021-10-16T22:13:02","modified_gmt":"2021-10-16T20:13:02","slug":"viel-arbeit-fuer-den-tus-volmetal-beim-umzug-in-die-voruebergehende-heimspielstaette-am-loeh-wie-ist-die-versorgung-geregelt-was-bietet-die-lounge","status":"publish","type":"post","link":"https:\/\/www.volmetal-handball.de\/?p=18219","title":{"rendered":"Viel Arbeit f\u00fcr den TuS Volmetal beim Umzug in die vor\u00fcbergehende Heimspielst\u00e4tte am L\u00f6h. Wie ist die Versorgung geregelt? Was bietet die Lounge? Vorstandsmitglied Sandra Sch\u00fcler im Interview."},"content":{"rendered":"\n<p class=\"has-black-color has-text-color\">Der Umzug in die Sporthalle L\u00f6h am kommenden Samstag wird f\u00fcr alle Beteiligten des TuS ein riesen Kraftakt. Unter anderem muss auch die Volmetal-Lounge mit in die neue Umgebung nach Schalksm\u00fchle. Verantwortlich hierf\u00fcr ist <strong>Sandra Sch\u00fcler<\/strong> aus dem Vorstand. Im Vorfeld mal drei Fragen an sie.<\/p>\n\n\n\n<p class=\"has-black-color has-text-color\"><strong>Hallo Sandra. Der Umzug am Samstag in die neue Spielst\u00e4tte verlangt den Helfern alles ab. Wann geht es los und wie kommt die Lounge nach Schalksm\u00fchle?<\/strong><\/p>\n\n\n\n<p class=\"has-black-color has-text-color\">Ja, also die Vorbereitungen laufen nat\u00fcrlich schon seitdem wir wissen, dass wir f\u00fcr das n\u00e4chste Heimspiel in eine andere Halle umziehen m\u00fcssen. Die Transportvorbereitungen starten am Freitag mit der Abholung des LKW\u2019s, mit dem wir s\u00e4mtliche Utensilien und Getr\u00e4nke dann am Samstag zur Halle L\u00f6h umsiedeln werden. Dieses betrifft aber nicht nur die Ausstattung der Lounge, sondern s\u00e4mtliche Ausr\u00fcstungsgegenst\u00e4nde, die f\u00fcr die Abwicklung des Spiels inklusive der Nebenschaupl\u00e4tze ben\u00f6tigt werden. Den Tresen der Lounge werden wir gr\u00f6\u00dfenbedingt allerdings nicht mitnehmen.<\/p>\n\n\n\n<p class=\"has-black-color has-text-color\"><strong>Unser Catering bei den Heimspielen ist weit \u00fcber Hagens Grenzen hinaus bekannt. F\u00fcr die Spiele w\u00e4hrend der Hallensanierung wird es aber nur eine &#8222;abgespeckte&#8220; Lounge geben oder?<\/strong><\/p>\n\n\n\n<p class=\"has-black-color has-text-color\">Ja, richtig. Wir werden den G\u00e4sten wie gewohnt unsere Weine, die Br\u00e4nde der M\u00e4rkischen Spezialit\u00e4tenbrennerei, Prosecco und diverse Biere anbieten k\u00f6nnen. Leider werden wir aber aus organisatorischen Gr\u00fcnden auf die Ausgabe von warmem Essen verzichten m\u00fcssen.<\/p>\n\n\n\n<p class=\"has-black-color has-text-color\"><strong>Gibt es neben dem Loungebereich noch weitere Ausgaben von Essen und Trinken in der Sporthalle Am L\u00f6h?<\/strong><\/p>\n\n\n\n<p class=\"has-black-color has-text-color\">Ob es tats\u00e4chlich einen r\u00e4umlich abgetrennten Bereich \u201enur\u201c f\u00fcr die Lounge geben wird, kann ich noch nicht sagen. Wenn ich den Verkaufsbereich der Halle \u201eL\u00f6h\u201c richtig in Erinnerung habe, so wird es vermutlich eher so sein, dass s\u00e4mtliches Catering \u00fcber einen Tresen im oberen Bereich der Halle erfolgen wird. Eventuell, aber da kommt es auf die Wetterlage an, wird es noch einen Getr\u00e4nkeverkauf vor dem Eingangsbereich geben. Zus\u00e4tzlich zu den \u201eLounge\u201c-Angeboten wird es belegte Br\u00f6tchen, Bockw\u00fcrstchen, Frikadellen und Mettw\u00fcrstchen geben. F\u00fcr den \u201es\u00fc\u00dfen Hunger\u201c ist auch gesorgt, es werden Waffeln angeboten. Kaffee und alkoholfreie Getr\u00e4nke wird es nat\u00fcrlich auch geben!<\/p>\n\n\n\n<p class=\"has-black-color has-text-color\"><strong>Danke Sandra f\u00fcr das Gespr\u00e4ch und viel Spa\u00df am Samstag, auch wenn die viele Arbeit nat\u00fcrlich im Vordergrund steht. (Pille)<\/strong><\/p>\n\n\n\n<figure class=\"wp-block-image size-large\"><img fetchpriority=\"high\" decoding=\"async\" width=\"1024\" height=\"576\" src=\"https:\/\/www.volmetal-handball.de\/wp-content\/uploads\/2021\/10\/9CFF2167-5F8A-46C0-BB8B-0F34E3432878-1024x576.jpeg\" alt=\"\" class=\"wp-image-18233\" srcset=\"https:\/\/www.volmetal-handball.de\/wp-content\/uploads\/2021\/10\/9CFF2167-5F8A-46C0-BB8B-0F34E3432878-1024x576.jpeg 1024w, https:\/\/www.volmetal-handball.de\/wp-content\/uploads\/2021\/10\/9CFF2167-5F8A-46C0-BB8B-0F34E3432878-300x169.jpeg 300w, https:\/\/www.volmetal-handball.de\/wp-content\/uploads\/2021\/10\/9CFF2167-5F8A-46C0-BB8B-0F34E3432878-768x432.jpeg 768w, https:\/\/www.volmetal-handball.de\/wp-content\/uploads\/2021\/10\/9CFF2167-5F8A-46C0-BB8B-0F34E3432878-1536x864.jpeg 1536w, https:\/\/www.volmetal-handball.de\/wp-content\/uploads\/2021\/10\/9CFF2167-5F8A-46C0-BB8B-0F34E3432878-533x300.jpeg 533w, https:\/\/www.volmetal-handball.de\/wp-content\/uploads\/2021\/10\/9CFF2167-5F8A-46C0-BB8B-0F34E3432878.jpeg 2016w\" sizes=\"(max-width: 1024px) 100vw, 1024px\" \/><figcaption>Zwei die h\u00e4ufig die Juwelier-Goldrichtig zusammen betreuen. Sandra Sch\u00fcler (links) und Melanie Neuhaus (rechts). <\/figcaption><\/figure>\n","protected":false},"excerpt":{"rendered":"<p>Der Umzug in die Sporthalle L\u00f6h am kommenden Samstag wird f\u00fcr alle Beteiligten des TuS ein riesen Kraftakt. Unter anderem muss auch die Volmetal-Lounge mit in die neue Umgebung nach Schalksm\u00fchle. Verantwortlich hierf\u00fcr ist Sandra Sch\u00fcler aus dem Vorstand. Im Vorfeld mal drei Fragen an sie. Hallo Sandra. Der Umzug am Samstag in die neue&hellip; <a class=\"more-link\" href=\"https:\/\/www.volmetal-handball.de\/?p=18219\">Weiterlesen <span class=\"screen-reader-text\">Viel Arbeit f\u00fcr den TuS Volmetal beim Umzug in die vor\u00fcbergehende Heimspielst\u00e4tte am L\u00f6h. Wie ist die Versorgung geregelt? Was bietet die Lounge? Vorstandsmitglied Sandra Sch\u00fcler im Interview.<\/span><\/a><\/p>\n","protected":false},"author":2,"featured_media":10785,"comment_status":"closed","ping_status":"open","sticky":false,"template":"","format":"standard","meta":{"ngg_post_thumbnail":0,"_jetpack_memberships_contains_paid_content":false,"footnotes":""},"categories":[1],"tags":[150,35,123,182,99,37,33,31,38,64,119,89,29,30,72],"class_list":["post-18219","post","type-post","status-publish","format-standard","has-post-thumbnail","hentry","category-allgemein","tag-dhb_liga3","tag-dahl","tag-dhb","tag-einmaltalerimmertaler","tag-erima","tag-green-devils","tag-hagen","tag-handball","tag-handballhoelle","tag-heimspiel","tag-kreisliga","tag-landesliga","tag-tus-volmetal","tag-tusvolmetal","tag-volmetal"],"jetpack_featured_media_url":"https:\/\/www.volmetal-handball.de\/wp-content\/uploads\/2018\/09\/817C30A2-CDE4-486E-850A-2A72C6A6CB7D.jpeg","jetpack_sharing_enabled":true,"_links":{"self":[{"href":"https:\/\/www.volmetal-handball.de\/index.php?rest_route=\/wp\/v2\/posts\/18219","targetHints":{"allow":["GET"]}}],"collection":[{"href":"https:\/\/www.volmetal-handball.de\/index.php?rest_route=\/wp\/v2\/posts"}],"about":[{"href":"https:\/\/www.volmetal-handball.de\/index.php?rest_route=\/wp\/v2\/types\/post"}],"author":[{"embeddable":true,"href":"https:\/\/www.volmetal-handball.de\/index.php?rest_route=\/wp\/v2\/users\/2"}],"replies":[{"embeddable":true,"href":"https:\/\/www.volmetal-handball.de\/index.php?rest_route=%2Fwp%2Fv2%2Fcomments&post=18219"}],"version-history":[{"count":9,"href":"https:\/\/www.volmetal-handball.de\/index.php?rest_route=\/wp\/v2\/posts\/18219\/revisions"}],"predecessor-version":[{"id":18234,"href":"https:\/\/www.volmetal-handball.de\/index.php?rest_route=\/wp\/v2\/posts\/18219\/revisions\/18234"}],"wp:featuredmedia":[{"embeddable":true,"href":"https:\/\/www.volmetal-handball.de\/index.php?rest_route=\/wp\/v2\/media\/10785"}],"wp:attachment":[{"href":"https:\/\/www.volmetal-handball.de\/index.php?rest_route=%2Fwp%2Fv2%2Fmedia&parent=18219"}],"wp:term":[{"taxonomy":"category","embeddable":true,"href":"https:\/\/www.volmetal-handball.de\/index.php?rest_route=%2Fwp%2Fv2%2Fcategories&post=18219"},{"taxonomy":"post_tag","embeddable":true,"href":"https:\/\/www.volmetal-handball.de\/index.php?rest_route=%2Fwp%2Fv2%2Ftags&post=18219"}],"curies":[{"name":"wp","href":"https:\/\/api.w.org\/{rel}","templated":true}]}}