{"id":22681,"date":"2023-03-07T07:59:20","date_gmt":"2023-03-07T06:59:20","guid":{"rendered":"https:\/\/www.volmetal-handball.de\/?p=22681"},"modified":"2023-03-07T07:59:20","modified_gmt":"2023-03-07T06:59:20","slug":"vertrag-verlaengert-rico-witt-bleibt-im-volmetal","status":"publish","type":"post","link":"https:\/\/www.volmetal-handball.de\/?p=22681","title":{"rendered":"Vertrag verl\u00e4ngert: Rico Witt bleibt im Volmetal"},"content":{"rendered":"\n<p>Hagen, 7. M\u00e4rz 2023. Gro\u00dfe Freude bei den Verantwortlichen des TuS Volmetal: Mit Torwart Rico Witt hat ein Leistungstr\u00e4ger des Oberligateams seinen auslaufenden Vertrag ligaunabh\u00e4ngig um ein Jahr verl\u00e4ngert. Der 29-j\u00e4hrige Mendener, der bislang eine \u00fcberragende Saison spielt, bleibt den Talern somit auch in der kommenden Saison 2023\/24 erhalten.<\/p>\n\n\n\n<p>\u201eIn der laufenden Spielzeit haben wir uns beinahe in jedem Spiel auf sehr gute bis herausragende Torh\u00fcterleistungen verlassen k\u00f6nnen. Daran hat Rico gro\u00dfen Anteil\u201c, lobt Torwarttrainer Manuel Treude. Und Teammanager Philipp Br\u00fcggemann erg\u00e4nzt: \u201eNeben seinen konstant starken Leistungen im Tor passt Rico auch menschlich hundertprozentig ins Tal. Mit seinem Ehrgeiz und seinem emotionalen Spiel pusht er die Jungs, was dem gesamten Team gut tut. Der Verein und das Trainerteam sind sehr gl\u00fccklich, dass sich Rico f\u00fcr ein weiteres Jahr im Volmetal entschieden hat.\u201c<\/p>\n\n\n\n<p>Auch der Schlussmann freut sich auf die weitere Zusammenarbeit und blickt positiv in die Zukunft: \u201eDie Gespr\u00e4che sind super gelaufen und wir haben uns schnell einigen k\u00f6nnen. Mir gef\u00e4llt das ganze Umfeld, das sehr famili\u00e4r ist. Ich f\u00fchle mich sehr wohl hier und auch sportlich geht es f\u00fcr uns unter Ralf aktuell wieder nach vorne, auch wenn die Ergebnisse noch nicht stimmen. Ich glaube, dass wir unter ihm viel erreichen k\u00f6nnen.\u201c<\/p>\n","protected":false},"excerpt":{"rendered":"<p>Hagen, 7. M\u00e4rz 2023. Gro\u00dfe Freude bei den Verantwortlichen des TuS Volmetal: Mit Torwart Rico Witt hat ein Leistungstr\u00e4ger des Oberligateams seinen auslaufenden Vertrag ligaunabh\u00e4ngig um ein Jahr verl\u00e4ngert. Der 29-j\u00e4hrige Mendener, der bislang eine \u00fcberragende Saison spielt, bleibt den Talern somit auch in der kommenden Saison 2023\/24 erhalten. \u201eIn der laufenden Spielzeit haben wir&hellip; <a class=\"more-link\" href=\"https:\/\/www.volmetal-handball.de\/?p=22681\">Weiterlesen <span class=\"screen-reader-text\">Vertrag verl\u00e4ngert: Rico Witt bleibt im Volmetal<\/span><\/a><\/p>\n","protected":false},"author":19,"featured_media":22682,"comment_status":"closed","ping_status":"open","sticky":false,"template":"","format":"standard","meta":{"ngg_post_thumbnail":0,"_jetpack_memberships_contains_paid_content":false,"footnotes":""},"categories":[1],"tags":[33,31,270,29,141],"class_list":["post-22681","post","type-post","status-publish","format-standard","has-post-thumbnail","hentry","category-allgemein","tag-hagen","tag-handball","tag-oberliga","tag-tus-volmetal","tag-westfalen"],"jetpack_featured_media_url":"https:\/\/www.volmetal-handball.de\/wp-content\/uploads\/2023\/03\/0F7EFAFC-B4F0-4D93-97D8-39E3F5B39CD4.jpeg","jetpack_sharing_enabled":true,"_links":{"self":[{"href":"https:\/\/www.volmetal-handball.de\/index.php?rest_route=\/wp\/v2\/posts\/22681","targetHints":{"allow":["GET"]}}],"collection":[{"href":"https:\/\/www.volmetal-handball.de\/index.php?rest_route=\/wp\/v2\/posts"}],"about":[{"href":"https:\/\/www.volmetal-handball.de\/index.php?rest_route=\/wp\/v2\/types\/post"}],"author":[{"embeddable":true,"href":"https:\/\/www.volmetal-handball.de\/index.php?rest_route=\/wp\/v2\/users\/19"}],"replies":[{"embeddable":true,"href":"https:\/\/www.volmetal-handball.de\/index.php?rest_route=%2Fwp%2Fv2%2Fcomments&post=22681"}],"version-history":[{"count":2,"href":"https:\/\/www.volmetal-handball.de\/index.php?rest_route=\/wp\/v2\/posts\/22681\/revisions"}],"predecessor-version":[{"id":22684,"href":"https:\/\/www.volmetal-handball.de\/index.php?rest_route=\/wp\/v2\/posts\/22681\/revisions\/22684"}],"wp:featuredmedia":[{"embeddable":true,"href":"https:\/\/www.volmetal-handball.de\/index.php?rest_route=\/wp\/v2\/media\/22682"}],"wp:attachment":[{"href":"https:\/\/www.volmetal-handball.de\/index.php?rest_route=%2Fwp%2Fv2%2Fmedia&parent=22681"}],"wp:term":[{"taxonomy":"category","embeddable":true,"href":"https:\/\/www.volmetal-handball.de\/index.php?rest_route=%2Fwp%2Fv2%2Fcategories&post=22681"},{"taxonomy":"post_tag","embeddable":true,"href":"https:\/\/www.volmetal-handball.de\/index.php?rest_route=%2Fwp%2Fv2%2Ftags&post=22681"}],"curies":[{"name":"wp","href":"https:\/\/api.w.org\/{rel}","templated":true}]}}