{"id":22932,"date":"2023-07-10T09:25:26","date_gmt":"2023-07-10T07:25:26","guid":{"rendered":"https:\/\/www.volmetal-handball.de\/?p=22932"},"modified":"2023-07-10T09:25:27","modified_gmt":"2023-07-10T07:25:27","slug":"late-release-nick-albrecht-greift-wieder-an","status":"publish","type":"post","link":"https:\/\/www.volmetal-handball.de\/?p=22932","title":{"rendered":"Late Release &#8211; Nick Albrecht greift wieder an"},"content":{"rendered":"\n<p>Hagen, 10. Juli 2023. Bislang herrschte Ungewissheit, ob R\u00fcckraumspieler Nick Albrecht auch in der Saison 2023\/24 f\u00fcr den TuS Volmetal auf Torjagd gehen wird. Nach intensiven Gespr\u00e4chen haben sich Verein und Spieler nun erfolgreich darauf verst\u00e4ndigt, die Zusammenarbeit weiter fortzusetzen.<\/p>\n\n\n\n<p>\u201eDie letzte Saison war f\u00fcr Nick nicht einfach\u201c, erkl\u00e4rt Teammanager Philipp Br\u00fcggemann den langen Weg zur Vertragsverl\u00e4ngerung. \u201eEr hatte immer wieder mit Verletzungen zu k\u00e4mpfen und ist dadurch nie richtig in Tritt gekommen. Deshalb hat er sich zun\u00e4chst Bedenkzeit erbeten, die wir ihm zugestanden haben. Umso mehr freuen wir uns jetzt \u00fcber seinen Entschluss weiter zu machen und mit dem rundum erneuerten Team in der Verbandsliga anzugreifen.\u201c<\/p>\n\n\n\n<p>\u201eDie super Stimmung in der Mannschaft hat mich davon \u00fcberzeugt, in der n\u00e4chsten Saison wieder Vollgas im TuS-Trikot zu geben\u201c, erkl\u00e4rt der 24-j\u00e4hrige R\u00fcckraumspieler aus dem nahegelegenen Schwerte. F\u00fcr seine zweite Spielzeit im Volmetal hat sich Nick Albrecht einiges vorgenommen: \u201eIch freue mich auf das neue Kapitel und will meinen Teil dazu beitragen, dass wir als Team erfolgreich sind und die alten Volmetaler Tugenden wieder aufleben lassen.\u201c<\/p>\n\n\n\n<p>\u201eNick ist bewusst, dass er in der Vorbereitung Gas geben und weiter an seiner Physis arbeiten muss, um eine gewisse Verletzungsresistenz aufzubauen\u201c, berichtet Neu-Trainer Jan Stuhldreher. \u201eEr ist bereits wieder ins Mannschaftstraining eingestiegen und man merkt sofort, dass er sich in unserer neuen Truppe wohler f\u00fchlt und befreiter aufspielt. Mein pers\u00f6nliches Ziel ist, dass wir seine Wurfst\u00e4rke noch besser in unser Spiel einbinden.\u201c<\/p>\n\n\n\n<p>Auf der K\u00f6nigsposition im linken R\u00fcckraum sehen sich die Volmetaler mit Youngster Timon Mehlhorn, Routinier Marc Oberste und Nick Albrecht bestens ger\u00fcstet f\u00fcr die bevorstehende Verbandsliga-Spielzeit.<\/p>\n","protected":false},"excerpt":{"rendered":"<p>Hagen, 10. Juli 2023. Bislang herrschte Ungewissheit, ob R\u00fcckraumspieler Nick Albrecht auch in der Saison 2023\/24 f\u00fcr den TuS Volmetal auf Torjagd gehen wird. Nach intensiven Gespr\u00e4chen haben sich Verein und Spieler nun erfolgreich darauf verst\u00e4ndigt, die Zusammenarbeit weiter fortzusetzen. \u201eDie letzte Saison war f\u00fcr Nick nicht einfach\u201c, erkl\u00e4rt Teammanager Philipp Br\u00fcggemann den langen Weg&hellip; <a class=\"more-link\" href=\"https:\/\/www.volmetal-handball.de\/?p=22932\">Weiterlesen <span class=\"screen-reader-text\">Late Release &#8211; Nick Albrecht greift wieder an<\/span><\/a><\/p>\n","protected":false},"author":19,"featured_media":22933,"comment_status":"closed","ping_status":"open","sticky":false,"template":"","format":"standard","meta":{"ngg_post_thumbnail":0,"_jetpack_memberships_contains_paid_content":false,"footnotes":""},"categories":[7],"tags":[381,33,31,29,380],"class_list":["post-22932","post","type-post","status-publish","format-standard","has-post-thumbnail","hentry","category-1-herren","tag-erste-mannschaft","tag-hagen","tag-handball","tag-tus-volmetal","tag-verbandsliga"],"jetpack_featured_media_url":"https:\/\/www.volmetal-handball.de\/wp-content\/uploads\/2023\/07\/2303C9C7-3F17-4064-86EE-922E16C421B6.jpeg","jetpack_sharing_enabled":true,"_links":{"self":[{"href":"https:\/\/www.volmetal-handball.de\/index.php?rest_route=\/wp\/v2\/posts\/22932","targetHints":{"allow":["GET"]}}],"collection":[{"href":"https:\/\/www.volmetal-handball.de\/index.php?rest_route=\/wp\/v2\/posts"}],"about":[{"href":"https:\/\/www.volmetal-handball.de\/index.php?rest_route=\/wp\/v2\/types\/post"}],"author":[{"embeddable":true,"href":"https:\/\/www.volmetal-handball.de\/index.php?rest_route=\/wp\/v2\/users\/19"}],"replies":[{"embeddable":true,"href":"https:\/\/www.volmetal-handball.de\/index.php?rest_route=%2Fwp%2Fv2%2Fcomments&post=22932"}],"version-history":[{"count":1,"href":"https:\/\/www.volmetal-handball.de\/index.php?rest_route=\/wp\/v2\/posts\/22932\/revisions"}],"predecessor-version":[{"id":22934,"href":"https:\/\/www.volmetal-handball.de\/index.php?rest_route=\/wp\/v2\/posts\/22932\/revisions\/22934"}],"wp:featuredmedia":[{"embeddable":true,"href":"https:\/\/www.volmetal-handball.de\/index.php?rest_route=\/wp\/v2\/media\/22933"}],"wp:attachment":[{"href":"https:\/\/www.volmetal-handball.de\/index.php?rest_route=%2Fwp%2Fv2%2Fmedia&parent=22932"}],"wp:term":[{"taxonomy":"category","embeddable":true,"href":"https:\/\/www.volmetal-handball.de\/index.php?rest_route=%2Fwp%2Fv2%2Fcategories&post=22932"},{"taxonomy":"post_tag","embeddable":true,"href":"https:\/\/www.volmetal-handball.de\/index.php?rest_route=%2Fwp%2Fv2%2Ftags&post=22932"}],"curies":[{"name":"wp","href":"https:\/\/api.w.org\/{rel}","templated":true}]}}