{"id":24059,"date":"2024-01-09T18:18:27","date_gmt":"2024-01-09T17:18:27","guid":{"rendered":"https:\/\/www.volmetal-handball.de\/?p=24059"},"modified":"2024-01-09T18:21:17","modified_gmt":"2024-01-09T17:21:17","slug":"frank-mack-legt-traineramt-bei-volmetal-ii-nieder","status":"publish","type":"post","link":"https:\/\/www.volmetal-handball.de\/?p=24059","title":{"rendered":"Frank Mack legt Traineramt bei Volmetal II nieder"},"content":{"rendered":"\t\t<div data-elementor-type=\"wp-post\" data-elementor-id=\"24059\" class=\"elementor elementor-24059\">\n\t\t\t\t\t\t<section class=\"elementor-section elementor-top-section elementor-element elementor-element-b712433 elementor-section-boxed elementor-section-height-default elementor-section-height-default\" data-id=\"b712433\" data-element_type=\"section\">\n\t\t\t\t\t\t<div class=\"elementor-container elementor-column-gap-default\">\n\t\t\t\t\t<div class=\"elementor-column elementor-col-100 elementor-top-column elementor-element elementor-element-c40f11b\" data-id=\"c40f11b\" data-element_type=\"column\">\n\t\t\t<div class=\"elementor-widget-wrap elementor-element-populated\">\n\t\t\t\t\t\t<div class=\"elementor-element elementor-element-cf98a00 elementor-widget elementor-widget-text-editor\" data-id=\"cf98a00\" data-element_type=\"widget\" data-widget_type=\"text-editor.default\">\n\t\t\t\t<div class=\"elementor-widget-container\">\n\t\t\t\t\t\t\t\t\t<p><strong>Der TuS Volmetal und Reserve-Coach Frank Mack gehen ab sofort getrennte Wege. Bis Saisonende werden Ivan Jozinovic und Julius Bl\u00fcmel das Traineramt bei der zweiten Mannschaft der Taler kommissarisch \u00fcbernehmen. Unterst\u00fctzung bei der Trainingsplanung erhalten sie von R\u00fcckraumspieler und C-Lizenz-Inhaber Pascal Binder.<\/strong><\/p>\t\t\t\t\t\t\t\t<\/div>\n\t\t\t\t<\/div>\n\t\t\t\t\t<\/div>\n\t\t<\/div>\n\t\t\t\t\t<\/div>\n\t\t<\/section>\n\t\t\t\t<section class=\"elementor-section elementor-top-section elementor-element elementor-element-d627fec elementor-section-boxed elementor-section-height-default elementor-section-height-default\" data-id=\"d627fec\" data-element_type=\"section\">\n\t\t\t\t\t\t<div class=\"elementor-container elementor-column-gap-default\">\n\t\t\t\t\t<div class=\"elementor-column elementor-col-50 elementor-top-column elementor-element elementor-element-c73ac82\" data-id=\"c73ac82\" data-element_type=\"column\">\n\t\t\t<div class=\"elementor-widget-wrap elementor-element-populated\">\n\t\t\t\t\t\t<div class=\"elementor-element elementor-element-fd945c1 elementor-widget elementor-widget-text-editor\" data-id=\"fd945c1\" data-element_type=\"widget\" data-widget_type=\"text-editor.default\">\n\t\t\t\t<div class=\"elementor-widget-container\">\n\t\t\t\t\t\t\t\t\t<p><strong>\u201eAngesichts seines hohen beruflichen Pensums als selbstst\u00e4ndiger B\u00e4ckermeister ist Frank der Aufwand einfach zu gro\u00df und er kann seinem eigenen Anspruch nicht mehr gerecht werden\u201c, benennt Tim Schneider, sportlicher Leiter der Volmetaler, den Grund f\u00fcr den kurzfristigen Wechsel auf der Trainerbank. \u201eMehrmals in der Woche von Dortmund ins Volmetal zu pendeln, das kostet nat\u00fcrlich Zeit. Im Gespr\u00e4ch mit Frank sind wir daher einvernehmlich zu der \u00dcbereinkunft gelangt, die erfolgreiche Zusammenarbeit mit sofortiger Wirkung zu beenden.\u201c<\/strong><\/p><p><strong>Sportlich liegt die ambitionierte TuS-Reserve zum Jahreswechsel derweil noch im Soll: Mit 20:4 Punkten belegt man in der Landesliga Staffel 4 aktuell den dritten Tabellenplatz. Lediglich Spitzenreiter Herdecke (22:2 Punkte) sowie dem Tabellenzweiten aus Halingen (21:3) haben sich die Taler in dieser Saison bislang beugen m\u00fcssen.<\/strong><\/p><p><strong>\u201eFrank hat hier super Arbeit geleistet, f\u00fcr die wir ihm sehr dankbar sind. Er hat sich menschlich wie sportlich in vorbildlicher Art und Weise eingebracht und ist in der Sporthalle Volmetal immer herzlich willkommen.\u201c<\/strong><\/p><p><strong>Bis zum Saisonende \u00fcbernehmen nun die Langzeitverletzten Jozinovic und Bl\u00fcmel als Interimstrainer das Ruder bei der zweiten Mannschaft. F\u00fcr die neue Spielzeit 2024\/25 arbeiten die TuS-Verantwortlichen bereits mit Hochdruck an einer passenden L\u00f6sung.<\/strong><\/p>\t\t\t\t\t\t\t\t<\/div>\n\t\t\t\t<\/div>\n\t\t\t\t\t<\/div>\n\t\t<\/div>\n\t\t\t\t<div class=\"elementor-column elementor-col-50 elementor-top-column elementor-element elementor-element-979f29d\" data-id=\"979f29d\" data-element_type=\"column\">\n\t\t\t<div class=\"elementor-widget-wrap elementor-element-populated\">\n\t\t\t\t\t\t<div class=\"elementor-element elementor-element-402ca19 elementor-widget elementor-widget-image\" data-id=\"402ca19\" data-element_type=\"widget\" data-widget_type=\"image.default\">\n\t\t\t\t<div class=\"elementor-widget-container\">\n\t\t\t\t\t\t\t\t\t\t\t\t\t\t\t<img fetchpriority=\"high\" decoding=\"async\" width=\"843\" height=\"843\" src=\"https:\/\/www.volmetal-handball.de\/wp-content\/uploads\/2024\/01\/trennung.jpg\" class=\"attachment-large size-large wp-image-24062\" alt=\"\" srcset=\"https:\/\/www.volmetal-handball.de\/wp-content\/uploads\/2024\/01\/trennung.jpg 843w, https:\/\/www.volmetal-handball.de\/wp-content\/uploads\/2024\/01\/trennung-300x300.jpg 300w, https:\/\/www.volmetal-handball.de\/wp-content\/uploads\/2024\/01\/trennung-150x150.jpg 150w, https:\/\/www.volmetal-handball.de\/wp-content\/uploads\/2024\/01\/trennung-768x768.jpg 768w, https:\/\/www.volmetal-handball.de\/wp-content\/uploads\/2024\/01\/trennung-500x500.jpg 500w\" sizes=\"(max-width: 843px) 100vw, 843px\" \/>\t\t\t\t\t\t\t\t\t\t\t\t\t\t\t<\/div>\n\t\t\t\t<\/div>\n\t\t\t\t\t<\/div>\n\t\t<\/div>\n\t\t\t\t\t<\/div>\n\t\t<\/section>\n\t\t\t\t<\/div>\n\t\t","protected":false},"excerpt":{"rendered":"<p>Der TuS Volmetal und Reserve-Coach Frank Mack gehen ab sofort getrennte Wege. Bis Saisonende werden Ivan Jozinovic und Julius Bl\u00fcmel das Traineramt bei der zweiten Mannschaft der Taler kommissarisch \u00fcbernehmen. Unterst\u00fctzung bei der Trainingsplanung erhalten sie von R\u00fcckraumspieler und C-Lizenz-Inhaber Pascal Binder. \u201eAngesichts seines hohen beruflichen Pensums als selbstst\u00e4ndiger B\u00e4ckermeister ist Frank der Aufwand einfach&hellip; <a class=\"more-link\" href=\"https:\/\/www.volmetal-handball.de\/?p=24059\">Weiterlesen <span class=\"screen-reader-text\">Frank Mack legt Traineramt bei Volmetal II nieder<\/span><\/a><\/p>\n","protected":false},"author":20,"featured_media":24060,"comment_status":"closed","ping_status":"open","sticky":false,"template":"","format":"standard","meta":{"ngg_post_thumbnail":0,"_jetpack_memberships_contains_paid_content":false,"footnotes":""},"categories":[8,1,19],"tags":[433,337,461],"class_list":["post-24059","post","type-post","status-publish","format-standard","has-post-thumbnail","hentry","category-2-herren","category-allgemein","category-handball-abteilung","tag-2-herren-reserve","tag-trainer","tag-trennung"],"jetpack_featured_media_url":"https:\/\/www.volmetal-handball.de\/wp-content\/uploads\/2024\/01\/Trennung_Frank-2te.png","jetpack_sharing_enabled":true,"_links":{"self":[{"href":"https:\/\/www.volmetal-handball.de\/index.php?rest_route=\/wp\/v2\/posts\/24059","targetHints":{"allow":["GET"]}}],"collection":[{"href":"https:\/\/www.volmetal-handball.de\/index.php?rest_route=\/wp\/v2\/posts"}],"about":[{"href":"https:\/\/www.volmetal-handball.de\/index.php?rest_route=\/wp\/v2\/types\/post"}],"author":[{"embeddable":true,"href":"https:\/\/www.volmetal-handball.de\/index.php?rest_route=\/wp\/v2\/users\/20"}],"replies":[{"embeddable":true,"href":"https:\/\/www.volmetal-handball.de\/index.php?rest_route=%2Fwp%2Fv2%2Fcomments&post=24059"}],"version-history":[{"count":4,"href":"https:\/\/www.volmetal-handball.de\/index.php?rest_route=\/wp\/v2\/posts\/24059\/revisions"}],"predecessor-version":[{"id":24065,"href":"https:\/\/www.volmetal-handball.de\/index.php?rest_route=\/wp\/v2\/posts\/24059\/revisions\/24065"}],"wp:featuredmedia":[{"embeddable":true,"href":"https:\/\/www.volmetal-handball.de\/index.php?rest_route=\/wp\/v2\/media\/24060"}],"wp:attachment":[{"href":"https:\/\/www.volmetal-handball.de\/index.php?rest_route=%2Fwp%2Fv2%2Fmedia&parent=24059"}],"wp:term":[{"taxonomy":"category","embeddable":true,"href":"https:\/\/www.volmetal-handball.de\/index.php?rest_route=%2Fwp%2Fv2%2Fcategories&post=24059"},{"taxonomy":"post_tag","embeddable":true,"href":"https:\/\/www.volmetal-handball.de\/index.php?rest_route=%2Fwp%2Fv2%2Ftags&post=24059"}],"curies":[{"name":"wp","href":"https:\/\/api.w.org\/{rel}","templated":true}]}}