{"id":25094,"date":"2024-11-11T06:13:47","date_gmt":"2024-11-11T05:13:47","guid":{"rendered":"https:\/\/www.volmetal-handball.de\/?p=25094"},"modified":"2024-11-12T19:38:14","modified_gmt":"2024-11-12T18:38:14","slug":"e-anfaenger-2-gewinnen-in-halden","status":"publish","type":"post","link":"https:\/\/www.volmetal-handball.de\/?p=25094","title":{"rendered":"E-Anf\u00e4nger 2 gewinnen in Halden"},"content":{"rendered":"\t\t<div data-elementor-type=\"wp-post\" data-elementor-id=\"25094\" class=\"elementor elementor-25094\">\n\t\t\t\t\t\t<section class=\"elementor-section elementor-top-section elementor-element elementor-element-0838002 elementor-section-boxed elementor-section-height-default elementor-section-height-default\" data-id=\"0838002\" data-element_type=\"section\">\n\t\t\t\t\t\t<div class=\"elementor-container elementor-column-gap-default\">\n\t\t\t\t\t<div class=\"elementor-column elementor-col-100 elementor-top-column elementor-element elementor-element-7f13f59\" data-id=\"7f13f59\" data-element_type=\"column\">\n\t\t\t<div class=\"elementor-widget-wrap elementor-element-populated\">\n\t\t\t\t\t\t<div class=\"elementor-element elementor-element-dd92b74 elementor-widget elementor-widget-image\" data-id=\"dd92b74\" data-element_type=\"widget\" data-widget_type=\"image.default\">\n\t\t\t\t<div class=\"elementor-widget-container\">\n\t\t\t\t\t\t\t\t\t\t\t\t\t\t\t<img fetchpriority=\"high\" decoding=\"async\" width=\"900\" height=\"317\" src=\"https:\/\/www.volmetal-handball.de\/wp-content\/uploads\/2024\/11\/IMG-20241110-WA0002-1024x361.jpg\" class=\"attachment-large size-large wp-image-25097\" alt=\"\" srcset=\"https:\/\/www.volmetal-handball.de\/wp-content\/uploads\/2024\/11\/IMG-20241110-WA0002-1024x361.jpg 1024w, https:\/\/www.volmetal-handball.de\/wp-content\/uploads\/2024\/11\/IMG-20241110-WA0002-300x106.jpg 300w, https:\/\/www.volmetal-handball.de\/wp-content\/uploads\/2024\/11\/IMG-20241110-WA0002-150x53.jpg 150w, https:\/\/www.volmetal-handball.de\/wp-content\/uploads\/2024\/11\/IMG-20241110-WA0002-768x271.jpg 768w, https:\/\/www.volmetal-handball.de\/wp-content\/uploads\/2024\/11\/IMG-20241110-WA0002-851x300.jpg 851w, https:\/\/www.volmetal-handball.de\/wp-content\/uploads\/2024\/11\/IMG-20241110-WA0002.jpg 1293w\" sizes=\"(max-width: 900px) 100vw, 900px\" \/>\t\t\t\t\t\t\t\t\t\t\t\t\t\t\t<\/div>\n\t\t\t\t<\/div>\n\t\t\t\t\t<\/div>\n\t\t<\/div>\n\t\t\t\t\t<\/div>\n\t\t<\/section>\n\t\t\t\t<section class=\"elementor-section elementor-top-section elementor-element elementor-element-da01c1c elementor-section-boxed elementor-section-height-default elementor-section-height-default\" data-id=\"da01c1c\" data-element_type=\"section\">\n\t\t\t\t\t\t<div class=\"elementor-container elementor-column-gap-default\">\n\t\t\t\t\t<div class=\"elementor-column elementor-col-100 elementor-top-column elementor-element elementor-element-c0969de\" data-id=\"c0969de\" data-element_type=\"column\">\n\t\t\t<div class=\"elementor-widget-wrap elementor-element-populated\">\n\t\t\t\t\t\t<div class=\"elementor-element elementor-element-cb19774 elementor-widget elementor-widget-text-editor\" data-id=\"cb19774\" data-element_type=\"widget\" data-widget_type=\"text-editor.default\">\n\t\t\t\t<div class=\"elementor-widget-container\">\n\t\t\t\t\t\t\t\t\t<p style=\"text-align: center;\"><strong>Am letzten Samstag ging es gegen die 2. Mannschaft der SG TuRa Halden-Herbeck.\u00a0<\/strong><\/p><p style=\"text-align: center;\"><strong>In der Anfangsphase konnte man dem Spiel die lange Saisonpause schon anmerken.<\/strong><\/p><p style=\"text-align: center;\"><strong>Die Abstimmung in der Deckung und das Anspielen des freistehenden Mitspielers im Angriff haben hier noch nicht so gepasst.<\/strong><\/p><p style=\"text-align: center;\"><strong>Trotzdem konnten wir uns durch Treffer von Marlon, Elias und Noah mit 1:4 absetzen. <br \/>In den folgenden Spielminuten unterliefen uns einige Fehlp\u00e4sse und Fangfehler, <br \/>und so kam TuRa Halden-Herbeck bis auf ein Tor wieder heran (4:5).<\/strong><\/p><p style=\"text-align: center;\"><strong>W\u00e4hrend der Schlussphase der 1. H\u00e4lfte haben wir noch sch\u00f6ne Treffer von Lia und Noah <br \/>sehen k\u00f6nnen und sind anschlie\u00dfend mit einem Halbzeitstand von 6:8 in die Pause gegangen.<\/strong><\/p><p style=\"text-align: center;\"><strong>In der zweiten H\u00e4lfte wollten wir dann die Schw\u00e4chen in der Abwehr weitestgehend abstellen, <br \/>um die F\u00fchrung noch etwas auszubauen. <br \/>Dies gelang uns leider nicht von der ersten Minute an,<br \/>aber wir wurden nach und nach sicherer in der Abwehr und konnten durch Tore <br \/>von Elias, Lia und Marlon die F\u00fchrung auf 9:14 ausbauen.<\/strong><\/p><p style=\"text-align: center;\"><strong>In den letzten Minuten des Spieles haben wir durch konsequenteres Decken kaum noch Torw\u00fcrfe des Gegners zugelassen, <br \/>und auch im Angriff lief es dann fl\u00fcssiger, sodass wir durch Tore von <br \/>Marko, Noah, Elias und Lia weiter davongezogen sind und letztendlich mit 10:19 Toren das Spiel f\u00fcr uns entscheiden konnten.<\/strong><\/p><p style=\"text-align: center;\"><strong>\u00a0<u>Fazit:<\/u><\/strong><\/p><p style=\"text-align: center;\"><strong>Auch in diesem Spiel konnten wir uns durchsetzen und haben uns in der 2. Halbzeit extrem gesteigert!<\/strong><\/p><p style=\"text-align: center;\"><strong>Ein Lob an alle Kids, das war eine gute Leistung!<\/strong><\/p><p style=\"text-align: center;\"><strong>Es spielten:<\/strong><\/p><p style=\"text-align: center;\"><strong>Elias 6 Tore, Lia 5 Tore, Noah 4 Tore, Marlon 2 Tore, Marko 2 Tore, Eren, Emma, Louis, <br \/>Anton, Ole, Leo, Till im Tor<br \/><br \/>Bericht: <\/strong><strong>Guido Machelett-Emden, Trainer E-Jugend<\/strong><\/p>\t\t\t\t\t\t\t\t<\/div>\n\t\t\t\t<\/div>\n\t\t\t\t\t<\/div>\n\t\t<\/div>\n\t\t\t\t\t<\/div>\n\t\t<\/section>\n\t\t\t\t<\/div>\n\t\t","protected":false},"excerpt":{"rendered":"<p>Am letzten Samstag ging es gegen die 2. Mannschaft der SG TuRa Halden-Herbeck.\u00a0 In der Anfangsphase konnte man dem Spiel die lange Saisonpause schon anmerken. Die Abstimmung in der Deckung und das Anspielen des freistehenden Mitspielers im Angriff haben hier noch nicht so gepasst. Trotzdem konnten wir uns durch Treffer von Marlon, Elias und Noah&hellip; <a class=\"more-link\" href=\"https:\/\/www.volmetal-handball.de\/?p=25094\">Weiterlesen <span class=\"screen-reader-text\">E-Anf\u00e4nger 2 gewinnen in Halden<\/span><\/a><\/p>\n","protected":false},"author":20,"featured_media":25103,"comment_status":"closed","ping_status":"open","sticky":false,"template":"","format":"standard","meta":{"ngg_post_thumbnail":0,"_jetpack_memberships_contains_paid_content":false,"footnotes":""},"categories":[1,24,36,19,26,11],"tags":[298,98,57,449,453],"class_list":["post-25094","post","type-post","status-publish","format-standard","has-post-thumbnail","hentry","category-allgemein","category-e-jugend","category-green-devils","category-handball-abteilung","category-hauptverein","category-jugend","tag-auswaerts","tag-auswaertssieg","tag-e-jugend","tag-e-jugend-angaenger","tag-halden-herbeck"],"jetpack_featured_media_url":"https:\/\/www.volmetal-handball.de\/wp-content\/uploads\/2024\/11\/E-Jug_TuRa.png","jetpack_sharing_enabled":true,"_links":{"self":[{"href":"https:\/\/www.volmetal-handball.de\/index.php?rest_route=\/wp\/v2\/posts\/25094","targetHints":{"allow":["GET"]}}],"collection":[{"href":"https:\/\/www.volmetal-handball.de\/index.php?rest_route=\/wp\/v2\/posts"}],"about":[{"href":"https:\/\/www.volmetal-handball.de\/index.php?rest_route=\/wp\/v2\/types\/post"}],"author":[{"embeddable":true,"href":"https:\/\/www.volmetal-handball.de\/index.php?rest_route=\/wp\/v2\/users\/20"}],"replies":[{"embeddable":true,"href":"https:\/\/www.volmetal-handball.de\/index.php?rest_route=%2Fwp%2Fv2%2Fcomments&post=25094"}],"version-history":[{"count":5,"href":"https:\/\/www.volmetal-handball.de\/index.php?rest_route=\/wp\/v2\/posts\/25094\/revisions"}],"predecessor-version":[{"id":25104,"href":"https:\/\/www.volmetal-handball.de\/index.php?rest_route=\/wp\/v2\/posts\/25094\/revisions\/25104"}],"wp:featuredmedia":[{"embeddable":true,"href":"https:\/\/www.volmetal-handball.de\/index.php?rest_route=\/wp\/v2\/media\/25103"}],"wp:attachment":[{"href":"https:\/\/www.volmetal-handball.de\/index.php?rest_route=%2Fwp%2Fv2%2Fmedia&parent=25094"}],"wp:term":[{"taxonomy":"category","embeddable":true,"href":"https:\/\/www.volmetal-handball.de\/index.php?rest_route=%2Fwp%2Fv2%2Fcategories&post=25094"},{"taxonomy":"post_tag","embeddable":true,"href":"https:\/\/www.volmetal-handball.de\/index.php?rest_route=%2Fwp%2Fv2%2Ftags&post=25094"}],"curies":[{"name":"wp","href":"https:\/\/api.w.org\/{rel}","templated":true}]}}