{"id":25124,"date":"2024-11-18T04:20:20","date_gmt":"2024-11-18T03:20:20","guid":{"rendered":"https:\/\/www.volmetal-handball.de\/?p=25124"},"modified":"2024-11-18T04:28:56","modified_gmt":"2024-11-18T03:28:56","slug":"e-jugend-anfaenger1-spitzenreiter-spitzenreiter-hey-hey","status":"publish","type":"post","link":"https:\/\/www.volmetal-handball.de\/?p=25124","title":{"rendered":"E-Jugend Anf\u00e4nger1: Spitzenreiter, Spitzenreiter &#8211; Hey, Hey"},"content":{"rendered":"\t\t<div data-elementor-type=\"wp-post\" data-elementor-id=\"25124\" class=\"elementor elementor-25124\">\n\t\t\t\t\t\t<section class=\"elementor-section elementor-top-section elementor-element elementor-element-bcf8ff6 elementor-section-boxed elementor-section-height-default elementor-section-height-default\" data-id=\"bcf8ff6\" data-element_type=\"section\">\n\t\t\t\t\t\t<div class=\"elementor-container elementor-column-gap-default\">\n\t\t\t\t\t<div class=\"elementor-column elementor-col-50 elementor-top-column elementor-element elementor-element-2de1da4\" data-id=\"2de1da4\" data-element_type=\"column\">\n\t\t\t<div class=\"elementor-widget-wrap elementor-element-populated\">\n\t\t\t\t\t\t<div class=\"elementor-element elementor-element-51ae8a4 elementor-widget elementor-widget-text-editor\" data-id=\"51ae8a4\" data-element_type=\"widget\" data-widget_type=\"text-editor.default\">\n\t\t\t\t<div class=\"elementor-widget-container\">\n\t\t\t\t\t\t\t\t\t<p style=\"text-align: center;\" data-pm-slice=\"1 1 []\"><strong>Am Sonntag Mittag um 13 Uhr in der Halle Volmetal empfingen wir die <br \/>TS Selbecke, die bis dahin mit einem ausgeglichenen Punktekonto im Mittelfeld der Liga rangierten.<br \/><br \/>Also rechneten wir uns ob des Heimvorteils nat\u00fcrlich etwas aus und wollten dieses Spiel auf jeden Fall gewinnen. Wir starteten alles in allem recht dominant, wobei der Knoten irgendwie nicht so richtig platzen wollte. <br \/><br \/>Es dauerte seine Zeit, wie fast in jedem Spiel, <br \/>bis wir die ersten Torerfolge erzielen konnten.<br \/>Bis zur Halbzeit f\u00fchrten wir dann dennoch verdient mit 5:1, <br \/>was wir zu einem gro\u00dfen Teil Eliano zu verdanken hatten.<br \/>Er alleine steuerte alle 5 Tore bis hierher bei ! <br \/>Quasi unsere Lebensversicherung, nicht nur am heutigen Tag. Respekt! <br \/><br \/>Der Rest hatte oft auch Pech im Abschluss, setzte Eliano aber auch immer wieder richtig gut in Szene. <br \/>Hei\u00dft, der Ball wurde prima laufen gelassen <br \/>und das Zusammenspiel funktionierte phasenweise richtig gut. <br \/><br \/>Trotz des recht komfortablen Vorsprungs machte das<br \/>Trainerduo Wichert-Hill und Stich, <br \/>das den erkrankten Michael Niesen vertrat, <br \/>die Mannschaft in der Halbzeit noch einmal darauf aufmerksam, <br \/>dass das Spiel noch lange nicht gelaufen ist <br \/>und alle weiterhin konzentriert bleiben sollten.<br \/><br \/>Gesagt aber leider nicht getan kam Selbecke Tor um Tor heran, <br \/>sodass der eigentlich sicher geglaubte Sieg<br \/>beim 7:5 f\u00fcnf Minuten vor Schluss tats\u00e4chlich nochmal in Frage kam. <br \/>Es schlichen sich einfach zu viele leichtsinnige Fehler in Halbzeit 2 ein,<br \/>die den Gegner zur\u00fcck ins Spiel brachten. <br \/><br \/>Sp\u00e4testens jetzt aber merkten die Jungs und M\u00e4dels zum Gl\u00fcck, <br \/>dass sie doch noch etwas tun mussten, <br \/>und drehten mit zwei blitzsauberen Toren das Spiel <br \/>dann endg\u00fcltig zu unseren Gunsten. <br \/><br \/>Neben Eliano ist heute auf jeden Fall Samu hervorzuheben, <br \/>der gemeinsam mit Clea, unserer Abwehrkanone,<br \/>eine 1a Defensivleistung auf die Platte legte. <br \/><br \/>Gemeinsam sind wir eben stark\u2026 <br \/><br \/>Der eine vorne, die andere hinten.<br \/><br \/>Klasse Jungs und M\u00e4dels!<\/strong><strong> <br \/><\/strong><\/p>\t\t\t\t\t\t\t\t<\/div>\n\t\t\t\t<\/div>\n\t\t\t\t\t<\/div>\n\t\t<\/div>\n\t\t\t\t<div class=\"elementor-column elementor-col-50 elementor-top-column elementor-element elementor-element-3b67530\" data-id=\"3b67530\" data-element_type=\"column\">\n\t\t\t<div class=\"elementor-widget-wrap elementor-element-populated\">\n\t\t\t\t\t\t<div class=\"elementor-element elementor-element-3cad146 elementor-widget elementor-widget-image\" data-id=\"3cad146\" data-element_type=\"widget\" data-widget_type=\"image.default\">\n\t\t\t\t<div class=\"elementor-widget-container\">\n\t\t\t\t\t\t\t\t\t\t\t\t\t\t\t<img fetchpriority=\"high\" decoding=\"async\" width=\"425\" height=\"1024\" src=\"https:\/\/www.volmetal-handball.de\/wp-content\/uploads\/2024\/11\/WhatsApp-Image-2024-11-17-at-19.47.44-425x1024.jpeg\" class=\"attachment-large size-large wp-image-25127\" alt=\"\" srcset=\"https:\/\/www.volmetal-handball.de\/wp-content\/uploads\/2024\/11\/WhatsApp-Image-2024-11-17-at-19.47.44-425x1024.jpeg 425w, https:\/\/www.volmetal-handball.de\/wp-content\/uploads\/2024\/11\/WhatsApp-Image-2024-11-17-at-19.47.44-124x300.jpeg 124w, https:\/\/www.volmetal-handball.de\/wp-content\/uploads\/2024\/11\/WhatsApp-Image-2024-11-17-at-19.47.44-62x150.jpeg 62w, https:\/\/www.volmetal-handball.de\/wp-content\/uploads\/2024\/11\/WhatsApp-Image-2024-11-17-at-19.47.44-637x1536.jpeg 637w, https:\/\/www.volmetal-handball.de\/wp-content\/uploads\/2024\/11\/WhatsApp-Image-2024-11-17-at-19.47.44.jpeg 733w\" sizes=\"(max-width: 425px) 100vw, 425px\" \/>\t\t\t\t\t\t\t\t\t\t\t\t\t\t\t<\/div>\n\t\t\t\t<\/div>\n\t\t\t\t\t<\/div>\n\t\t<\/div>\n\t\t\t\t\t<\/div>\n\t\t<\/section>\n\t\t\t\t<section class=\"elementor-section elementor-top-section elementor-element elementor-element-deea1f7 elementor-section-boxed elementor-section-height-default elementor-section-height-default\" data-id=\"deea1f7\" data-element_type=\"section\">\n\t\t\t\t\t\t<div class=\"elementor-container elementor-column-gap-default\">\n\t\t\t\t\t<div class=\"elementor-column elementor-col-100 elementor-top-column elementor-element elementor-element-33a04a0\" data-id=\"33a04a0\" data-element_type=\"column\">\n\t\t\t<div class=\"elementor-widget-wrap elementor-element-populated\">\n\t\t\t\t\t\t<div class=\"elementor-element elementor-element-c6925c9 elementor-widget elementor-widget-text-editor\" data-id=\"c6925c9\" data-element_type=\"widget\" data-widget_type=\"text-editor.default\">\n\t\t\t\t<div class=\"elementor-widget-container\">\n\t\t\t\t\t\t\t\t\t<p style=\"text-align: center;\" data-pm-slice=\"1 1 []\"><strong>Kleine Randnotiz: <br \/>Da Eintracht Hagen Gevelsberg-Silschede <\/strong><br \/><strong>geschlagen hat sind wir nun alleiniger Tabellenf\u00fchrer der E Jugend Anf\u00e4nger&#8230;wie geil ist das denn !?<\/strong><\/p><p style=\"text-align: center;\"><strong>Fazit: Wahrlich nicht unser bestes Spiel heute. <\/strong><br \/><strong>Aber wenn man mit einer nicht so guten Leistung trotzdem noch mit 4 Toren Unterschied gewinnt und am Ende sogar noch Tabellenf\u00fchrer ist,<br \/>ist dem wohl nichts mehr hinzuzuf\u00fcgen\u2026 oder! !!!? Sauber Kids, Gro\u00dfartig!!!<\/strong><\/p><p style=\"text-align: center;\">\u00a0<\/p><p style=\"text-align: center;\"><strong>Es haben gespielt:<br \/>Mala im Tor (super 1. Halbzeit), Eliano (6) es gibt kaum Worte f\u00fcr seine Leistung, Lucas H. (2) unser Mini Turbo, Nico (1) nicht sein Tag, aber kommt vor, Sandrina kurz vor dem ersten Tor, Samu mit Mega Abwehrleistung, Clea konstant gute Abwehr, Ilvie mit tollen Fortschritten, Lucas M. Konditionswunder, Nele wie immer mit vollem Ehrgeiz und Ragnar immer im Geschehen.<\/strong><\/p><p style=\"text-align: center;\"><strong>Gefehlt haben Justus und Mia.<\/strong><\/p><p style=\"text-align: center;\">\u00a0<\/p><p style=\"text-align: center;\"><strong>Text: Lars Wichert-Hill<\/strong><\/p>\t\t\t\t\t\t\t\t<\/div>\n\t\t\t\t<\/div>\n\t\t\t\t\t<\/div>\n\t\t<\/div>\n\t\t\t\t\t<\/div>\n\t\t<\/section>\n\t\t\t\t<section class=\"elementor-section elementor-top-section elementor-element elementor-element-438df0a elementor-section-boxed elementor-section-height-default elementor-section-height-default\" data-id=\"438df0a\" data-element_type=\"section\">\n\t\t\t\t\t\t<div class=\"elementor-container elementor-column-gap-default\">\n\t\t\t\t\t<div class=\"elementor-column elementor-col-100 elementor-top-column elementor-element elementor-element-b0010f0\" data-id=\"b0010f0\" data-element_type=\"column\">\n\t\t\t<div class=\"elementor-widget-wrap elementor-element-populated\">\n\t\t\t\t\t\t<div class=\"elementor-element elementor-element-779625d elementor-widget elementor-widget-image\" data-id=\"779625d\" data-element_type=\"widget\" data-widget_type=\"image.default\">\n\t\t\t\t<div class=\"elementor-widget-container\">\n\t\t\t\t\t\t\t\t\t\t\t\t\t\t\t<img decoding=\"async\" width=\"900\" height=\"397\" src=\"https:\/\/www.volmetal-handball.de\/wp-content\/uploads\/2024\/11\/WhatsApp-Image-2024-11-17-at-19.47.56-1024x452.jpeg\" class=\"attachment-large size-large wp-image-25128\" alt=\"\" srcset=\"https:\/\/www.volmetal-handball.de\/wp-content\/uploads\/2024\/11\/WhatsApp-Image-2024-11-17-at-19.47.56-1024x452.jpeg 1024w, https:\/\/www.volmetal-handball.de\/wp-content\/uploads\/2024\/11\/WhatsApp-Image-2024-11-17-at-19.47.56-300x133.jpeg 300w, https:\/\/www.volmetal-handball.de\/wp-content\/uploads\/2024\/11\/WhatsApp-Image-2024-11-17-at-19.47.56-150x66.jpeg 150w, https:\/\/www.volmetal-handball.de\/wp-content\/uploads\/2024\/11\/WhatsApp-Image-2024-11-17-at-19.47.56-768x339.jpeg 768w, https:\/\/www.volmetal-handball.de\/wp-content\/uploads\/2024\/11\/WhatsApp-Image-2024-11-17-at-19.47.56-679x300.jpeg 679w, https:\/\/www.volmetal-handball.de\/wp-content\/uploads\/2024\/11\/WhatsApp-Image-2024-11-17-at-19.47.56.jpeg 1410w\" sizes=\"(max-width: 900px) 100vw, 900px\" \/>\t\t\t\t\t\t\t\t\t\t\t\t\t\t\t<\/div>\n\t\t\t\t<\/div>\n\t\t\t\t\t<\/div>\n\t\t<\/div>\n\t\t\t\t\t<\/div>\n\t\t<\/section>\n\t\t\t\t<\/div>\n\t\t","protected":false},"excerpt":{"rendered":"<p>Am Sonntag Mittag um 13 Uhr in der Halle Volmetal empfingen wir die TS Selbecke, die bis dahin mit einem ausgeglichenen Punktekonto im Mittelfeld der Liga rangierten. Also rechneten wir uns ob des Heimvorteils nat\u00fcrlich etwas aus und wollten dieses Spiel auf jeden Fall gewinnen. Wir starteten alles in allem recht dominant, wobei der Knoten&hellip; <a class=\"more-link\" href=\"https:\/\/www.volmetal-handball.de\/?p=25124\">Weiterlesen <span class=\"screen-reader-text\">E-Jugend Anf\u00e4nger1: Spitzenreiter, Spitzenreiter &#8211; Hey, Hey<\/span><\/a><\/p>\n","protected":false},"author":20,"featured_media":25125,"comment_status":"closed","ping_status":"open","sticky":false,"template":"","format":"standard","meta":{"ngg_post_thumbnail":0,"_jetpack_memberships_contains_paid_content":false,"footnotes":""},"categories":[1,24,36,19,26,11],"tags":[457,427,106,64,522,323,523],"class_list":["post-25124","post","type-post","status-publish","format-standard","has-post-thumbnail","hentry","category-allgemein","category-e-jugend","category-green-devils","category-handball-abteilung","category-hauptverein","category-jugend","tag-e-jugend-anfaenger","tag-e-jugend-anfaenger-selbecke","tag-heimsieg","tag-heimspiel","tag-selbcke","tag-spitzenreiter","tag-tabellenfuehrer"],"jetpack_featured_media_url":"https:\/\/www.volmetal-handball.de\/wp-content\/uploads\/2024\/11\/selbecke.png","jetpack_sharing_enabled":true,"_links":{"self":[{"href":"https:\/\/www.volmetal-handball.de\/index.php?rest_route=\/wp\/v2\/posts\/25124","targetHints":{"allow":["GET"]}}],"collection":[{"href":"https:\/\/www.volmetal-handball.de\/index.php?rest_route=\/wp\/v2\/posts"}],"about":[{"href":"https:\/\/www.volmetal-handball.de\/index.php?rest_route=\/wp\/v2\/types\/post"}],"author":[{"embeddable":true,"href":"https:\/\/www.volmetal-handball.de\/index.php?rest_route=\/wp\/v2\/users\/20"}],"replies":[{"embeddable":true,"href":"https:\/\/www.volmetal-handball.de\/index.php?rest_route=%2Fwp%2Fv2%2Fcomments&post=25124"}],"version-history":[{"count":4,"href":"https:\/\/www.volmetal-handball.de\/index.php?rest_route=\/wp\/v2\/posts\/25124\/revisions"}],"predecessor-version":[{"id":25131,"href":"https:\/\/www.volmetal-handball.de\/index.php?rest_route=\/wp\/v2\/posts\/25124\/revisions\/25131"}],"wp:featuredmedia":[{"embeddable":true,"href":"https:\/\/www.volmetal-handball.de\/index.php?rest_route=\/wp\/v2\/media\/25125"}],"wp:attachment":[{"href":"https:\/\/www.volmetal-handball.de\/index.php?rest_route=%2Fwp%2Fv2%2Fmedia&parent=25124"}],"wp:term":[{"taxonomy":"category","embeddable":true,"href":"https:\/\/www.volmetal-handball.de\/index.php?rest_route=%2Fwp%2Fv2%2Fcategories&post=25124"},{"taxonomy":"post_tag","embeddable":true,"href":"https:\/\/www.volmetal-handball.de\/index.php?rest_route=%2Fwp%2Fv2%2Ftags&post=25124"}],"curies":[{"name":"wp","href":"https:\/\/api.w.org\/{rel}","templated":true}]}}