{"id":834,"date":"2016-09-01T06:59:39","date_gmt":"2016-09-01T04:59:39","guid":{"rendered":"http:\/\/tusv.elnath.uberspace.de\/?p=834"},"modified":"2016-09-05T23:24:23","modified_gmt":"2016-09-05T21:24:23","slug":"3-fragen-an-rob-de-pijper","status":"publish","type":"post","link":"https:\/\/www.volmetal-handball.de\/?p=834","title":{"rendered":"3 Fragen an Rob de Pijper"},"content":{"rendered":"<p><strong>3 Fragen an&#8230;. Heute: <\/strong><br \/>\n<strong>Rob de Pijper, unseren Trainer der 1. Mannschaft.<\/strong><\/p>\n<p><strong>Jens S: Hallo Rob, wie waren die ersten Wochen im Tal f\u00fcr Dich und welche Eindr\u00fccke konntest Du gewinnen?<\/strong><br \/>\n<strong>Rob: &#8222;Hier im Verein ist alles sehr famili\u00e4r und ich bin super von den Verantwortlichen und Fans empfangen worden. Sie alle haben es mir sehr einfach gemacht, damit ich mich hier schnell heimisch f\u00fchlen konnte. Der Wohlf\u00fchlfaktor spielt eine gro\u00dfe Rolle. Dennoch arbeiten alle sehr professionell.&#8220;<\/strong><\/p>\n<p><strong>Jens S.: Welchen Eindruck hast Du von der Mannschaft, so kurz vor dem ersten Saisonspiel am Sonntag in Krefeld?<\/strong><br \/>\n<strong>Rob: &#8222;Nach dem Trainingslager, in dem wir viel zusammen gearbeitet haben, war die Mannschaft nat\u00fcrlich ziemlich platt. Der Focus in den letzten Tagen stand auf der Abwehrarbeit. Diese m\u00fcssen wir stabilisieren um hier die n\u00f6tige Sicherheit im Spiel zu bekommen. Mit den Fans im R\u00fccken muss es dann in der Halle richtig zur Sache gehen.&#8220;<\/strong><\/p>\n<p><strong>Jens S.: Du hast es gerade selber angesprochen, wie wichtig sind die Fans f\u00fcr Dich und die Mannschaft? <\/strong><br \/>\n<strong>Rob: Es hat sich ja herumgesprochen, dass die Fans hier in Volmetal sehr Leidenschaftlich sind. Das ist wichtig f\u00fcr die Mannschaft, gerade bei den Ausw\u00e4rtsspielen wo uns immer viele Zuschauer begleiten. Aber auch zu Hause muss es richtig krachen, das wird die Jungs zus\u00e4tzlich pushen. Ich habe es in der letzen Saison ja selber schon erleben d\u00fcrfen, wie laut die Stimmung ist. Ich freue mich sehr drauf.&#8220;<\/strong><br \/>\n<strong>Jens S. Danke Rob!<\/strong><\/p>\n<p><img fetchpriority=\"high\" decoding=\"async\" class=\"aligncenter wp-image-247 size-large\" src=\"https:\/\/www.volmetal-handball.de\/wp-content\/uploads\/2016\/08\/C-Rob-de-Pijper-1-683x1024.jpg\" alt=\"#C - Rob de Pijper\" width=\"683\" height=\"1024\" \/><\/p>\n<p><strong>Foto: S. Lahmer<\/strong><br \/>\n<strong>Interview. J. Schilling<\/strong><\/p>\n","protected":false},"excerpt":{"rendered":"<p>3 Fragen an&#8230;. Heute: Rob de Pijper, unseren Trainer der 1. Mannschaft. Jens S: Hallo Rob, wie waren die ersten Wochen im Tal f\u00fcr Dich und welche Eindr\u00fccke konntest Du gewinnen? Rob: &#8222;Hier im Verein ist alles sehr famili\u00e4r und ich bin super von den Verantwortlichen und Fans empfangen worden. Sie alle haben es mir&hellip; <a class=\"more-link\" href=\"https:\/\/www.volmetal-handball.de\/?p=834\">Weiterlesen <span class=\"screen-reader-text\">3 Fragen an Rob de Pijper<\/span><\/a><\/p>\n","protected":false},"author":2,"featured_media":0,"comment_status":"closed","ping_status":"closed","sticky":false,"template":"","format":"standard","meta":{"ngg_post_thumbnail":0,"_jetpack_memberships_contains_paid_content":false,"footnotes":""},"categories":[7],"tags":[33,31,29,30],"class_list":["post-834","post","type-post","status-publish","format-standard","hentry","category-1-herren","tag-hagen","tag-handball","tag-tus-volmetal","tag-tusvolmetal"],"jetpack_featured_media_url":"","jetpack_sharing_enabled":true,"_links":{"self":[{"href":"https:\/\/www.volmetal-handball.de\/index.php?rest_route=\/wp\/v2\/posts\/834","targetHints":{"allow":["GET"]}}],"collection":[{"href":"https:\/\/www.volmetal-handball.de\/index.php?rest_route=\/wp\/v2\/posts"}],"about":[{"href":"https:\/\/www.volmetal-handball.de\/index.php?rest_route=\/wp\/v2\/types\/post"}],"author":[{"embeddable":true,"href":"https:\/\/www.volmetal-handball.de\/index.php?rest_route=\/wp\/v2\/users\/2"}],"replies":[{"embeddable":true,"href":"https:\/\/www.volmetal-handball.de\/index.php?rest_route=%2Fwp%2Fv2%2Fcomments&post=834"}],"version-history":[{"count":4,"href":"https:\/\/www.volmetal-handball.de\/index.php?rest_route=\/wp\/v2\/posts\/834\/revisions"}],"predecessor-version":[{"id":945,"href":"https:\/\/www.volmetal-handball.de\/index.php?rest_route=\/wp\/v2\/posts\/834\/revisions\/945"}],"wp:attachment":[{"href":"https:\/\/www.volmetal-handball.de\/index.php?rest_route=%2Fwp%2Fv2%2Fmedia&parent=834"}],"wp:term":[{"taxonomy":"category","embeddable":true,"href":"https:\/\/www.volmetal-handball.de\/index.php?rest_route=%2Fwp%2Fv2%2Fcategories&post=834"},{"taxonomy":"post_tag","embeddable":true,"href":"https:\/\/www.volmetal-handball.de\/index.php?rest_route=%2Fwp%2Fv2%2Ftags&post=834"}],"curies":[{"name":"wp","href":"https:\/\/api.w.org\/{rel}","templated":true}]}}