{"id":9630,"date":"2018-05-24T09:36:43","date_gmt":"2018-05-24T07:36:43","guid":{"rendered":"https:\/\/www.volmetal-handball.de\/?p=9630"},"modified":"2018-06-05T16:00:18","modified_gmt":"2018-06-05T14:00:18","slug":"neuverpflichtung-fuer-die-1-mannschaft-sebastian-rinus-wechselt-von-den-rhein-vikings-ins-tal","status":"publish","type":"post","link":"https:\/\/www.volmetal-handball.de\/?p=9630","title":{"rendered":"Neuverpflichtung f\u00fcr die 1. Mannschaft. Sebastian Rinus wechselt von den Rhein Vikings ins Tal."},"content":{"rendered":"<p><span style=\"color: #000000;\"><strong>Neuverpflichtung f\u00fcr die 1. Mannschaft. Sebastian Rinus wechselt von den Rhein Vikings ins Tal.<\/strong><\/span><\/p>\n<p><strong><span style=\"color: #000000;\">Sebastian Rinus *1998, 1,92m<span class=\"Apple-converted-space\">\u00a0 <\/span>(Rechtsh\u00e4nder, Halbposition, R\u00fcckraum)<\/span><\/strong><\/p>\n<p><span style=\"color: #000000;\">Der TuS Volmetal hat einen weiteren Spieler f\u00fcr die kommende Saison in der 3. Handball Liga-West verpflichtet. Der 19 j\u00e4hrige Sebastian Rinus wird den Verein ab dem 01.06. im R\u00fcckraum links verst\u00e4rken. Sebastian genoss bei TUSEM Essen eine fundierte sportliche Ausbildung und gewann in der B-Jugend die Deutsche Vize-Meisterschaft.<span class=\"Apple-converted-space\">\u00a0<\/span><\/span><\/p>\n<p><span style=\"color: #000000;\">In der A-Jugend wechselte er in der Saison 2016\/17 gemeinsam mit seinem Trainer Mark Dragunski zum Neusser HV und spielte dort sein letztes Jahr in der Jugend.<\/span><\/p>\n<p><span style=\"color: #000000;\">In dieser Zeit besa\u00df er bereits ein Zweitspielrecht f\u00fcr ART D\u00fcsseldorf in der Regionalliga, wo er viele Eins\u00e4tze hatte.\u00a0<\/span><span style=\"color: #000000;\">Nach dem Zusammenschluss zwischen ART D\u00fcsseldorf und dem Neusser HV zu den Rhein Vikings spielte er dort ein weiteres Jahr in<br \/>\nder U23.<\/span><\/p>\n<p><span style=\"color: #000000;\">&#8222;Mit Sebastian haben wir einen jungen und talentierten Spieler von unserem Konzept im Tal \u00fcberzeugen k\u00f6nnen. Wir freuen uns sehr, dass er sich f\u00fcr uns entschieden hat,&#8220; so Teammanager Philipp Br\u00fcggemann<\/span><\/p>\n<p><span style=\"color: #000000;\">&#x1f1f3;&#x1f1ec;Herzlich willkommen im Tal Sebastian &#x1f1f3;&#x1f1ec;&#x1f1f3;&#x1f1ec;<\/span><\/p>\n<p><img fetchpriority=\"high\" decoding=\"async\" class=\"alignnone size-full wp-image-9631\" src=\"https:\/\/www.volmetal-handball.de\/wp-content\/uploads\/2018\/05\/0CCDE43C-63F5-4444-A9B4-4CE709A57166.jpeg\" alt=\"\" width=\"550\" height=\"323\" srcset=\"https:\/\/www.volmetal-handball.de\/wp-content\/uploads\/2018\/05\/0CCDE43C-63F5-4444-A9B4-4CE709A57166.jpeg 550w, https:\/\/www.volmetal-handball.de\/wp-content\/uploads\/2018\/05\/0CCDE43C-63F5-4444-A9B4-4CE709A57166-300x176.jpeg 300w, https:\/\/www.volmetal-handball.de\/wp-content\/uploads\/2018\/05\/0CCDE43C-63F5-4444-A9B4-4CE709A57166-511x300.jpeg 511w\" sizes=\"(max-width: 550px) 100vw, 550px\" \/> <img decoding=\"async\" class=\"alignnone size-large wp-image-9632\" src=\"https:\/\/www.volmetal-handball.de\/wp-content\/uploads\/2018\/05\/28A9A7C8-035D-4D98-A38E-A853A3754BA8-1024x754.jpeg\" alt=\"\" width=\"900\" height=\"663\" srcset=\"https:\/\/www.volmetal-handball.de\/wp-content\/uploads\/2018\/05\/28A9A7C8-035D-4D98-A38E-A853A3754BA8-1024x754.jpeg 1024w, https:\/\/www.volmetal-handball.de\/wp-content\/uploads\/2018\/05\/28A9A7C8-035D-4D98-A38E-A853A3754BA8-300x221.jpeg 300w, https:\/\/www.volmetal-handball.de\/wp-content\/uploads\/2018\/05\/28A9A7C8-035D-4D98-A38E-A853A3754BA8-768x566.jpeg 768w, https:\/\/www.volmetal-handball.de\/wp-content\/uploads\/2018\/05\/28A9A7C8-035D-4D98-A38E-A853A3754BA8-407x300.jpeg 407w, https:\/\/www.volmetal-handball.de\/wp-content\/uploads\/2018\/05\/28A9A7C8-035D-4D98-A38E-A853A3754BA8.jpeg 1280w\" sizes=\"(max-width: 900px) 100vw, 900px\" \/><\/p>\n","protected":false},"excerpt":{"rendered":"<p>Neuverpflichtung f\u00fcr die 1. Mannschaft. Sebastian Rinus wechselt von den Rhein Vikings ins Tal. Sebastian Rinus *1998, 1,92m\u00a0 (Rechtsh\u00e4nder, Halbposition, R\u00fcckraum) Der TuS Volmetal hat einen weiteren Spieler f\u00fcr die kommende Saison in der 3. Handball Liga-West verpflichtet. Der 19 j\u00e4hrige Sebastian Rinus wird den Verein ab dem 01.06. im R\u00fcckraum links verst\u00e4rken. Sebastian genoss&hellip; <a class=\"more-link\" href=\"https:\/\/www.volmetal-handball.de\/?p=9630\">Weiterlesen <span class=\"screen-reader-text\">Neuverpflichtung f\u00fcr die 1. Mannschaft. Sebastian Rinus wechselt von den Rhein Vikings ins Tal.<\/span><\/a><\/p>\n","protected":false},"author":2,"featured_media":9634,"comment_status":"closed","ping_status":"open","sticky":false,"template":"","format":"standard","meta":{"ngg_post_thumbnail":0,"_jetpack_memberships_contains_paid_content":false,"footnotes":""},"categories":[7,1,36],"tags":[150,35,37,33,31,38,64,119,89,29,30],"class_list":["post-9630","post","type-post","status-publish","format-standard","has-post-thumbnail","hentry","category-1-herren","category-allgemein","category-green-devils","tag-dhb_liga3","tag-dahl","tag-green-devils","tag-hagen","tag-handball","tag-handballhoelle","tag-heimspiel","tag-kreisliga","tag-landesliga","tag-tus-volmetal","tag-tusvolmetal"],"jetpack_featured_media_url":"https:\/\/www.volmetal-handball.de\/wp-content\/uploads\/2018\/05\/05BCA747-6EE8-4D3E-8DEE-131E18E66937.jpeg","jetpack_sharing_enabled":true,"_links":{"self":[{"href":"https:\/\/www.volmetal-handball.de\/index.php?rest_route=\/wp\/v2\/posts\/9630","targetHints":{"allow":["GET"]}}],"collection":[{"href":"https:\/\/www.volmetal-handball.de\/index.php?rest_route=\/wp\/v2\/posts"}],"about":[{"href":"https:\/\/www.volmetal-handball.de\/index.php?rest_route=\/wp\/v2\/types\/post"}],"author":[{"embeddable":true,"href":"https:\/\/www.volmetal-handball.de\/index.php?rest_route=\/wp\/v2\/users\/2"}],"replies":[{"embeddable":true,"href":"https:\/\/www.volmetal-handball.de\/index.php?rest_route=%2Fwp%2Fv2%2Fcomments&post=9630"}],"version-history":[{"count":5,"href":"https:\/\/www.volmetal-handball.de\/index.php?rest_route=\/wp\/v2\/posts\/9630\/revisions"}],"predecessor-version":[{"id":9638,"href":"https:\/\/www.volmetal-handball.de\/index.php?rest_route=\/wp\/v2\/posts\/9630\/revisions\/9638"}],"wp:featuredmedia":[{"embeddable":true,"href":"https:\/\/www.volmetal-handball.de\/index.php?rest_route=\/wp\/v2\/media\/9634"}],"wp:attachment":[{"href":"https:\/\/www.volmetal-handball.de\/index.php?rest_route=%2Fwp%2Fv2%2Fmedia&parent=9630"}],"wp:term":[{"taxonomy":"category","embeddable":true,"href":"https:\/\/www.volmetal-handball.de\/index.php?rest_route=%2Fwp%2Fv2%2Fcategories&post=9630"},{"taxonomy":"post_tag","embeddable":true,"href":"https:\/\/www.volmetal-handball.de\/index.php?rest_route=%2Fwp%2Fv2%2Ftags&post=9630"}],"curies":[{"name":"wp","href":"https:\/\/api.w.org\/{rel}","templated":true}]}}