{"id":9681,"date":"2018-06-04T13:38:21","date_gmt":"2018-06-04T11:38:21","guid":{"rendered":"https:\/\/www.volmetal-handball.de\/?p=9681"},"modified":"2018-06-05T16:00:08","modified_gmt":"2018-06-05T14:00:08","slug":"staffeleinteilung-fuer-die-3-handball-liga-west-ist-komplett-varel-altjuerden-grossenheidorn-langenfeld-northeim-und-spende-neu-dabei","status":"publish","type":"post","link":"https:\/\/www.volmetal-handball.de\/?p=9681","title":{"rendered":"Staffeleinteilung f\u00fcr die 3. Handball Liga-West ist komplett. Varel\/Altj\u00fcrden, Gro\u00dfenheidorn, Langenfeld, Northeim und Spenge sind neu dabei."},"content":{"rendered":"<h1><span style=\"color: #000000;\">Spielkommission der 3. Liga beschlie\u00dft einstimmig die Staffeleinteilungen f\u00fcr 2018\/19<\/span><\/h1>\n<p><span style=\"color: #000000;\">Im Rahmen ihrer Sitzung haben die Mitglieder der Spielkommission der 3. Liga am gestrigen Sonntag in Kassel die Staffeleinteilungen der M\u00e4nner und Frauen f\u00fcr die Saison 2018\/19 einstimmig beschlossen.<\/span><\/p>\n<p><span style=\"color: #000000;\">Anhand der zugrunde gelegten Kriterien sei eine optimale Staffeleinteilung f\u00fcr die 3. Liga der M\u00e4nner gelungen, erkl\u00e4rte der Vorsitzende der Spielkommission, zugleich Spielleiter der M\u00e4nner, Michael Kulus. In der von den Vereinsvertretern ma\u00dfgeblich mit erarbeiteten Staffeleinteilung sind nun so viele Lokalderbys bestm\u00f6glich ber\u00fccksichtigt. Zudem haben es die Planer geschafft, einfache Fahrtstrecken von \u00fcber 500 Kilometern zu vermeiden. Zu ber\u00fccksichtigen war auch die immer gr\u00f6\u00dfer werdende Anzahl an zweiten Mannschaften, was im Jahr der stattfindenden Weltmeisterschaft und der damit verbundenen Spielpause in den Bundesligen bedeutsam werden kann.<\/span><\/p>\n<p><span style=\"color: #000000;\">3. Handball Liga-West 2018\/2019:<br \/>\n<\/span><br \/>\n<span style=\"color: #000000;\">MTV Gro\u00dfenheidorn<\/span><br \/>\n<span style=\"color: #000000;\">SG Varel\/Altj\u00fchrden<\/span><br \/>\n<span style=\"color: #000000;\">Ahlener SG<\/span><br \/>\n<span style=\"color: #000000;\">SG Schalksm\u00fchle-Halver<\/span><br \/>\n<span style=\"color: #000000;\">TuS Spenge<\/span><br \/>\n<span style=\"color: #000000;\">TuS Volmetal<\/span><br \/>\n<span style=\"color: #000000;\">HSG Handball Lemgo II<\/span><br \/>\n<span style=\"color: #000000;\">SG Menden Sauerland W\u00f6lfe<\/span><br \/>\n<span style=\"color: #000000;\">HSG Bergische Panther<\/span><br \/>\n<span style=\"color: #000000;\">TSV GWD Minden II<\/span><br \/>\n<span style=\"color: #000000;\">Leichlinger TV<\/span><br \/>\n<span style=\"color: #000000;\">VfL Gummersbach II<\/span><br \/>\n<span style=\"color: #000000;\">Longericher SC<\/span><br \/>\n<span style=\"color: #000000;\">HSG Krefeld<\/span><br \/>\n<span style=\"color: #000000;\">SG Langenfeld<\/span><br \/>\n<span style=\"color: #000000;\">Northeimer HC<\/span><\/p>\n<p><span style=\"color: #000000;\">Der erste Spieltag (die genauen Ansetzungen werden noch bekannt gegeben) ist am 25. August.<\/span><\/p>\n<p><span style=\"color: #000000;\">Quelle: http:\/\/www.handball-world.news\/o.red.r\/news-1-1-61-105009.html<br \/>\n<\/span><span style=\"color: #000000;\">Foto: T. Lichtenberg<\/span><\/p>\n<p><img fetchpriority=\"high\" decoding=\"async\" class=\"alignnone size-full wp-image-9614\" src=\"https:\/\/www.volmetal-handball.de\/wp-content\/uploads\/2018\/05\/DHB_3.Liga_logo.svg_.png\" alt=\"\" width=\"456\" height=\"600\" srcset=\"https:\/\/www.volmetal-handball.de\/wp-content\/uploads\/2018\/05\/DHB_3.Liga_logo.svg_.png 456w, https:\/\/www.volmetal-handball.de\/wp-content\/uploads\/2018\/05\/DHB_3.Liga_logo.svg_-228x300.png 228w\" sizes=\"(max-width: 456px) 100vw, 456px\" \/><\/p>\n","protected":false},"excerpt":{"rendered":"<p>Spielkommission der 3. Liga beschlie\u00dft einstimmig die Staffeleinteilungen f\u00fcr 2018\/19 Im Rahmen ihrer Sitzung haben die Mitglieder der Spielkommission der 3. Liga am gestrigen Sonntag in Kassel die Staffeleinteilungen der M\u00e4nner und Frauen f\u00fcr die Saison 2018\/19 einstimmig beschlossen. Anhand der zugrunde gelegten Kriterien sei eine optimale Staffeleinteilung f\u00fcr die 3. Liga der M\u00e4nner gelungen,&hellip; <a class=\"more-link\" href=\"https:\/\/www.volmetal-handball.de\/?p=9681\">Weiterlesen <span class=\"screen-reader-text\">Staffeleinteilung f\u00fcr die 3. Handball Liga-West ist komplett. Varel\/Altj\u00fcrden, Gro\u00dfenheidorn, Langenfeld, Northeim und Spenge sind neu dabei.<\/span><\/a><\/p>\n","protected":false},"author":2,"featured_media":9079,"comment_status":"closed","ping_status":"open","sticky":false,"template":"","format":"standard","meta":{"ngg_post_thumbnail":0,"_jetpack_memberships_contains_paid_content":false,"footnotes":""},"categories":[7,36],"tags":[150,35,37,33,31,38,64,119,89,29,30],"class_list":["post-9681","post","type-post","status-publish","format-standard","has-post-thumbnail","hentry","category-1-herren","category-green-devils","tag-dhb_liga3","tag-dahl","tag-green-devils","tag-hagen","tag-handball","tag-handballhoelle","tag-heimspiel","tag-kreisliga","tag-landesliga","tag-tus-volmetal","tag-tusvolmetal"],"jetpack_featured_media_url":"https:\/\/www.volmetal-handball.de\/wp-content\/uploads\/2018\/03\/IMG_7528-1.jpg","jetpack_sharing_enabled":true,"_links":{"self":[{"href":"https:\/\/www.volmetal-handball.de\/index.php?rest_route=\/wp\/v2\/posts\/9681","targetHints":{"allow":["GET"]}}],"collection":[{"href":"https:\/\/www.volmetal-handball.de\/index.php?rest_route=\/wp\/v2\/posts"}],"about":[{"href":"https:\/\/www.volmetal-handball.de\/index.php?rest_route=\/wp\/v2\/types\/post"}],"author":[{"embeddable":true,"href":"https:\/\/www.volmetal-handball.de\/index.php?rest_route=\/wp\/v2\/users\/2"}],"replies":[{"embeddable":true,"href":"https:\/\/www.volmetal-handball.de\/index.php?rest_route=%2Fwp%2Fv2%2Fcomments&post=9681"}],"version-history":[{"count":8,"href":"https:\/\/www.volmetal-handball.de\/index.php?rest_route=\/wp\/v2\/posts\/9681\/revisions"}],"predecessor-version":[{"id":9689,"href":"https:\/\/www.volmetal-handball.de\/index.php?rest_route=\/wp\/v2\/posts\/9681\/revisions\/9689"}],"wp:featuredmedia":[{"embeddable":true,"href":"https:\/\/www.volmetal-handball.de\/index.php?rest_route=\/wp\/v2\/media\/9079"}],"wp:attachment":[{"href":"https:\/\/www.volmetal-handball.de\/index.php?rest_route=%2Fwp%2Fv2%2Fmedia&parent=9681"}],"wp:term":[{"taxonomy":"category","embeddable":true,"href":"https:\/\/www.volmetal-handball.de\/index.php?rest_route=%2Fwp%2Fv2%2Fcategories&post=9681"},{"taxonomy":"post_tag","embeddable":true,"href":"https:\/\/www.volmetal-handball.de\/index.php?rest_route=%2Fwp%2Fv2%2Ftags&post=9681"}],"curies":[{"name":"wp","href":"https:\/\/api.w.org\/{rel}","templated":true}]}}