{"id":9705,"date":"2018-06-10T14:58:09","date_gmt":"2018-06-10T12:58:09","guid":{"rendered":"https:\/\/www.volmetal-handball.de\/?p=9705"},"modified":"2018-06-12T07:08:36","modified_gmt":"2018-06-12T05:08:36","slug":"christoph-ibisch-uebernimmt-die-erste-mannschaft-neuer-trainer-ist-ein-alter-bekannter","status":"publish","type":"post","link":"https:\/\/www.volmetal-handball.de\/?p=9705","title":{"rendered":"Christoph Ibisch \u00fcbernimmt die Erste Mannschaft. Neuer Trainer ist ein alter Bekannter."},"content":{"rendered":"<p><span style=\"color: #000000;\"><strong>Neuer Trainer ist ein alter Bekannter.<\/strong><\/span><br \/>\n<span style=\"color: #000000;\"><strong>Christoph Ibisch \u00fcbernimmt die Erste.<\/strong><\/span><\/p>\n<p><span style=\"color: #000000;\">Mit dem 33 j\u00e4hrigen Christoph Ibisch \u00fcbernimmt ein engagierter B-Lizenzinhaber die 1. Mannschaft, der schon erfolgreich unsere Jugend in der Oberliga betreut hat. Seit 2008 ist Christoph als Trainer aktiv, hat u.a. die Ferndorfer A-Jugend, TV Strombach und TuS Oplafen betreut. Als Spieler war Christoph hochklassig bei Eintracht Hagen und SGSH aktiv.<\/span><\/p>\n<p><span style=\"color: #000000;\">Der in Gummersbach wohnhafte Familienvater ist der Wunschtrainer des sportlichen Leiters Tim Schneider: &#8222;Christoph in Verbindung mit Jan Stuhldreher wird unsere jungen Spieler weiter entwickeln. Als junge Trainer mit erfolgreicher aktiver Karriere erhoffe ich mir einen starken Impuls f\u00fcr unser Team.&#8220;<span class=\"Apple-converted-space\">\u00a0<\/span><\/span><\/p>\n<p><span style=\"color: #000000;\">Alles Gute f\u00fcr deine Aufgabe Chtistoph,<span class=\"Apple-converted-space\">\u00a0 <\/span>willkommen zur\u00fcck im Tal!<\/span><\/p>\n<p><span style=\"color: #000000;\">#einmaltalerimmertaler<\/span><\/p>\n<figure id=\"attachment_9704\" aria-describedby=\"caption-attachment-9704\" style=\"width: 900px\" class=\"wp-caption alignnone\"><img fetchpriority=\"high\" decoding=\"async\" class=\"wp-image-9704 size-large\" src=\"https:\/\/www.volmetal-handball.de\/wp-content\/uploads\/2018\/06\/E0C66853-08AA-43D3-9768-44CDAB58B2AD-1024x552.jpeg\" alt=\"\" width=\"900\" height=\"485\" srcset=\"https:\/\/www.volmetal-handball.de\/wp-content\/uploads\/2018\/06\/E0C66853-08AA-43D3-9768-44CDAB58B2AD-1024x552.jpeg 1024w, https:\/\/www.volmetal-handball.de\/wp-content\/uploads\/2018\/06\/E0C66853-08AA-43D3-9768-44CDAB58B2AD-300x162.jpeg 300w, https:\/\/www.volmetal-handball.de\/wp-content\/uploads\/2018\/06\/E0C66853-08AA-43D3-9768-44CDAB58B2AD-768x414.jpeg 768w, https:\/\/www.volmetal-handball.de\/wp-content\/uploads\/2018\/06\/E0C66853-08AA-43D3-9768-44CDAB58B2AD-557x300.jpeg 557w, https:\/\/www.volmetal-handball.de\/wp-content\/uploads\/2018\/06\/E0C66853-08AA-43D3-9768-44CDAB58B2AD.jpeg 1232w\" sizes=\"(max-width: 900px) 100vw, 900px\" \/><figcaption id=\"caption-attachment-9704\" class=\"wp-caption-text\">Teammanager Philipp Br\u00fcggemann, Co-Trainer Jan Stuhdreher und Christoph Ibisch unterzeichneten am heutigen Sonntag den Vertrag.<\/figcaption><\/figure>\n","protected":false},"excerpt":{"rendered":"<p>Neuer Trainer ist ein alter Bekannter. Christoph Ibisch \u00fcbernimmt die Erste. Mit dem 33 j\u00e4hrigen Christoph Ibisch \u00fcbernimmt ein engagierter B-Lizenzinhaber die 1. Mannschaft, der schon erfolgreich unsere Jugend in der Oberliga betreut hat. Seit 2008 ist Christoph als Trainer aktiv, hat u.a. die Ferndorfer A-Jugend, TV Strombach und TuS Oplafen betreut. Als Spieler war&hellip; <a class=\"more-link\" href=\"https:\/\/www.volmetal-handball.de\/?p=9705\">Weiterlesen <span class=\"screen-reader-text\">Christoph Ibisch \u00fcbernimmt die Erste Mannschaft. Neuer Trainer ist ein alter Bekannter.<\/span><\/a><\/p>\n","protected":false},"author":2,"featured_media":9704,"comment_status":"closed","ping_status":"open","sticky":false,"template":"","format":"standard","meta":{"ngg_post_thumbnail":0,"_jetpack_memberships_contains_paid_content":false,"footnotes":""},"categories":[7,36],"tags":[150,35,37,33,31,38,64,119,89,29,30],"class_list":["post-9705","post","type-post","status-publish","format-standard","has-post-thumbnail","hentry","category-1-herren","category-green-devils","tag-dhb_liga3","tag-dahl","tag-green-devils","tag-hagen","tag-handball","tag-handballhoelle","tag-heimspiel","tag-kreisliga","tag-landesliga","tag-tus-volmetal","tag-tusvolmetal"],"jetpack_featured_media_url":"https:\/\/www.volmetal-handball.de\/wp-content\/uploads\/2018\/06\/E0C66853-08AA-43D3-9768-44CDAB58B2AD.jpeg","jetpack_sharing_enabled":true,"_links":{"self":[{"href":"https:\/\/www.volmetal-handball.de\/index.php?rest_route=\/wp\/v2\/posts\/9705","targetHints":{"allow":["GET"]}}],"collection":[{"href":"https:\/\/www.volmetal-handball.de\/index.php?rest_route=\/wp\/v2\/posts"}],"about":[{"href":"https:\/\/www.volmetal-handball.de\/index.php?rest_route=\/wp\/v2\/types\/post"}],"author":[{"embeddable":true,"href":"https:\/\/www.volmetal-handball.de\/index.php?rest_route=\/wp\/v2\/users\/2"}],"replies":[{"embeddable":true,"href":"https:\/\/www.volmetal-handball.de\/index.php?rest_route=%2Fwp%2Fv2%2Fcomments&post=9705"}],"version-history":[{"count":3,"href":"https:\/\/www.volmetal-handball.de\/index.php?rest_route=\/wp\/v2\/posts\/9705\/revisions"}],"predecessor-version":[{"id":9714,"href":"https:\/\/www.volmetal-handball.de\/index.php?rest_route=\/wp\/v2\/posts\/9705\/revisions\/9714"}],"wp:featuredmedia":[{"embeddable":true,"href":"https:\/\/www.volmetal-handball.de\/index.php?rest_route=\/wp\/v2\/media\/9704"}],"wp:attachment":[{"href":"https:\/\/www.volmetal-handball.de\/index.php?rest_route=%2Fwp%2Fv2%2Fmedia&parent=9705"}],"wp:term":[{"taxonomy":"category","embeddable":true,"href":"https:\/\/www.volmetal-handball.de\/index.php?rest_route=%2Fwp%2Fv2%2Fcategories&post=9705"},{"taxonomy":"post_tag","embeddable":true,"href":"https:\/\/www.volmetal-handball.de\/index.php?rest_route=%2Fwp%2Fv2%2Ftags&post=9705"}],"curies":[{"name":"wp","href":"https:\/\/api.w.org\/{rel}","templated":true}]}}