{"id":9837,"date":"2018-07-12T10:12:27","date_gmt":"2018-07-12T08:12:27","guid":{"rendered":"https:\/\/www.volmetal-handball.de\/?p=9837"},"modified":"2018-07-13T08:31:59","modified_gmt":"2018-07-13T06:31:59","slug":"9837-2","status":"publish","type":"post","link":"https:\/\/www.volmetal-handball.de\/?p=9837","title":{"rendered":"Drei Fragen an&#8230; Heute: Sebastian Rinus, unser Neuzugang f\u00fcr den R\u00fcckraum aus dem Rheinland."},"content":{"rendered":"<p><span style=\"color: #000000;\"><strong>Drei Fragen an&#8230;. Heute Sebastian Rinus!<br \/>\nUnser Neuzugang aus dem Rheinland.<\/strong><\/span><\/p>\n<p><span style=\"color: #000000;\">Heute m\u00f6chten wir Euch einmal unseren Neuzugang Sebastian vorstellen. Der 20 j\u00e4hrige R\u00fcckraumspieler wechselte von der U21 der Rhein-Vikings zu uns.<\/span><\/p>\n<p><span style=\"color: #000000;\">TuS:<\/span><br \/>\n<span style=\"color: #000000;\">Zuerst einmal herzlich willkommen im Tal Sebastian. Die ersten Trainingwochen f\u00fcr Dich sind nun schon rum. Wie ist Dein erster Eindruck?<\/span><\/p>\n<p><span style=\"color: #000000;\">Sebastian Rinus:<\/span><br \/>\n<span style=\"color: #000000;\">&#8222;Mein erster Eindruck ist bisher sehr positiv. Ich wurde vom Team gut aufgenommen und verstehe mich mit meinen Mitspielern gut. Die ersten Wochen des Trainings sind nat\u00fcrlich immer recht hart, da man viel im l\u00e4uferischen und Kraftbereich macht, allerdings freuen wir uns nat\u00fcrlich auch schon bald auf die ersten Testspiele.&#8220;<span class=\"Apple-converted-space\">\u00a0<\/span><\/span><\/p>\n<p><span style=\"color: #000000;\">TuS:<\/span><br \/>\n<span style=\"color: #000000;\">Welche Ziele hast Du Dir ganz pers\u00f6nlich f\u00fcr die kommende Saison gesetzt und wo siehst Du das Team in der 3. Handball Liga-West?<\/span><\/p>\n<p><span style=\"color: #000000;\">Sebastian:<\/span><br \/>\n<span style=\"color: #000000;\">&#8222;Mein Ziel ist es nat\u00fcrlich, dass ich mich bestm\u00f6glich weiterentwickeln kann und mein Potenzial bestm\u00f6glich aussch\u00f6pfen kann, so dass ich dem Team helfen kann.<span class=\"Apple-converted-space\">\u00a0<\/span><\/span><br \/>\n<span style=\"color: #000000;\">Des Weiteren m\u00f6chte ich nat\u00fcrlich dazu beitragen, dass wir so fr\u00fch wie m\u00f6glich nichts mehr mit dem Abstieg zutun haben und wir dann einen Platz im unteren Mittelfeld sichern k\u00f6nnen.&#8220;<\/span><\/p>\n<p><span style=\"color: #000000;\">TuS:<\/span><br \/>\n<span style=\"color: #000000;\">Du warst damals beim entscheidenden Spiel gegen Aurich in der letzten Saison zum ersten Mal bei uns in der Halle. Wie hast Du die Stimmung in der Handballh\u00f6lle-Volmetal empfunden und wie wichtig ist f\u00fcr Dich so eine Atmosph\u00e4re?<\/span><\/p>\n<p><span style=\"color: #000000;\">Sebastian:<\/span><br \/>\n<span style=\"color: #000000;\">&#8222;Die Stimmung beim letzten Heimspiel gegen Aurich war nat\u00fcrlich \u00fcberragend. Ich fand es schon beeindruckend, wie unsere Fans jedes Tor und jede gute Aktion gefeiert hat und versucht haben das Team nach vorne zu peitschen.<span class=\"Apple-converted-space\">\u00a0<\/span><\/span><br \/>\n<span style=\"color: #000000;\">F\u00fcr mich pers\u00f6nlich ist es wichtig vor so einer Atmosph\u00e4re zu spielen, da es einen immer pusht und noch einmal die letzten Prozente aus einem herausholen kann.<span class=\"Apple-converted-space\">\u00a0<\/span><\/span><\/p>\n<p><span style=\"color: #000000;\">Gerade deshalb freue ich mich auch darauf endlich das erste mal in der H\u00f6lle Volmetal spielen zu k\u00f6nnen.&#8220;<\/span><\/p>\n<p><span style=\"color: #000000;\">TuS:<\/span><br \/>\n<span style=\"color: #000000;\">Vielen Dank Sebastian f\u00fcr das Interview. Wir w\u00fcnschen Dir eine erfolgreiche und gute Zeit im Volmetal.<span class=\"Apple-converted-space\">\u00a0<\/span><\/span><\/p>\n<p><span style=\"color: #000000;\">#einmaltalerimmertaler<span class=\"Apple-converted-space\">\u00a0<\/span><\/span><\/p>\n<p><span style=\"color: #000000;\">Zur Person:<\/span><br \/>\n<span style=\"color: #000000;\">Sebastian Rinus ist einsetzbar auf R\u00fcckraumlinks\/-mitte. Sein Alter ist 20 Jahre und seine Hobbys sind Basketball spielen und Musik.<span class=\"Apple-converted-space\">\u00a0<\/span><\/span><\/p>\n<p><span style=\"color: #000000;\">&#8222;Meine vorherigen Vereine sind der FC Erkenschwick als Heimatverein, der Tusem Essen und der Neusser HV\/HC Rhein Vikings.&#8220;<\/span><\/p>\n<p><span style=\"color: #000000;\">Interview und Foto:<\/span><br \/>\n<span style=\"color: #000000;\">Jens Schilling<\/span><\/p>\n<p><img fetchpriority=\"high\" decoding=\"async\" class=\"alignnone wp-image-9836 size-large\" src=\"https:\/\/www.volmetal-handball.de\/wp-content\/uploads\/2018\/07\/C053B45D-83D6-47EC-A486-DEB0842ED2F7-e1531383255344-768x1024.jpeg\" alt=\"\" width=\"768\" height=\"1024\" srcset=\"https:\/\/www.volmetal-handball.de\/wp-content\/uploads\/2018\/07\/C053B45D-83D6-47EC-A486-DEB0842ED2F7-e1531383255344-768x1024.jpeg 768w, https:\/\/www.volmetal-handball.de\/wp-content\/uploads\/2018\/07\/C053B45D-83D6-47EC-A486-DEB0842ED2F7-e1531383255344-225x300.jpeg 225w\" sizes=\"(max-width: 768px) 100vw, 768px\" \/><\/p>\n","protected":false},"excerpt":{"rendered":"<p>Drei Fragen an&#8230;. Heute Sebastian Rinus! Unser Neuzugang aus dem Rheinland. Heute m\u00f6chten wir Euch einmal unseren Neuzugang Sebastian vorstellen. Der 20 j\u00e4hrige R\u00fcckraumspieler wechselte von der U21 der Rhein-Vikings zu uns. TuS: Zuerst einmal herzlich willkommen im Tal Sebastian. Die ersten Trainingwochen f\u00fcr Dich sind nun schon rum. Wie ist Dein erster Eindruck? Sebastian&hellip; <a class=\"more-link\" href=\"https:\/\/www.volmetal-handball.de\/?p=9837\">Weiterlesen <span class=\"screen-reader-text\">Drei Fragen an&#8230; Heute: Sebastian Rinus, unser Neuzugang f\u00fcr den R\u00fcckraum aus dem Rheinland.<\/span><\/a><\/p>\n","protected":false},"author":2,"featured_media":9842,"comment_status":"closed","ping_status":"open","sticky":false,"template":"","format":"standard","meta":{"ngg_post_thumbnail":0,"_jetpack_memberships_contains_paid_content":false,"footnotes":""},"categories":[7,1],"tags":[150,35,37,33,31,38,64,119,89,29,30],"class_list":["post-9837","post","type-post","status-publish","format-standard","has-post-thumbnail","hentry","category-1-herren","category-allgemein","tag-dhb_liga3","tag-dahl","tag-green-devils","tag-hagen","tag-handball","tag-handballhoelle","tag-heimspiel","tag-kreisliga","tag-landesliga","tag-tus-volmetal","tag-tusvolmetal"],"jetpack_featured_media_url":"https:\/\/www.volmetal-handball.de\/wp-content\/uploads\/2018\/07\/300B16F4-6F70-4E7F-8C1B-E7CA5BDAA570.jpeg","jetpack_sharing_enabled":true,"_links":{"self":[{"href":"https:\/\/www.volmetal-handball.de\/index.php?rest_route=\/wp\/v2\/posts\/9837","targetHints":{"allow":["GET"]}}],"collection":[{"href":"https:\/\/www.volmetal-handball.de\/index.php?rest_route=\/wp\/v2\/posts"}],"about":[{"href":"https:\/\/www.volmetal-handball.de\/index.php?rest_route=\/wp\/v2\/types\/post"}],"author":[{"embeddable":true,"href":"https:\/\/www.volmetal-handball.de\/index.php?rest_route=\/wp\/v2\/users\/2"}],"replies":[{"embeddable":true,"href":"https:\/\/www.volmetal-handball.de\/index.php?rest_route=%2Fwp%2Fv2%2Fcomments&post=9837"}],"version-history":[{"count":7,"href":"https:\/\/www.volmetal-handball.de\/index.php?rest_route=\/wp\/v2\/posts\/9837\/revisions"}],"predecessor-version":[{"id":9845,"href":"https:\/\/www.volmetal-handball.de\/index.php?rest_route=\/wp\/v2\/posts\/9837\/revisions\/9845"}],"wp:featuredmedia":[{"embeddable":true,"href":"https:\/\/www.volmetal-handball.de\/index.php?rest_route=\/wp\/v2\/media\/9842"}],"wp:attachment":[{"href":"https:\/\/www.volmetal-handball.de\/index.php?rest_route=%2Fwp%2Fv2%2Fmedia&parent=9837"}],"wp:term":[{"taxonomy":"category","embeddable":true,"href":"https:\/\/www.volmetal-handball.de\/index.php?rest_route=%2Fwp%2Fv2%2Fcategories&post=9837"},{"taxonomy":"post_tag","embeddable":true,"href":"https:\/\/www.volmetal-handball.de\/index.php?rest_route=%2Fwp%2Fv2%2Ftags&post=9837"}],"curies":[{"name":"wp","href":"https:\/\/api.w.org\/{rel}","templated":true}]}}