{"id":9853,"date":"2018-07-15T19:58:41","date_gmt":"2018-07-15T17:58:41","guid":{"rendered":"https:\/\/www.volmetal-handball.de\/?p=9853"},"modified":"2018-07-16T19:11:26","modified_gmt":"2018-07-16T17:11:26","slug":"drei-fragen-an-heute-jan-koenig-unser-neuzugang-vom-vfl-eintracht-hagen","status":"publish","type":"post","link":"https:\/\/www.volmetal-handball.de\/?p=9853","title":{"rendered":"Drei Fragen an&#8230; Heute: Jan K\u00f6nig. Unser Neuzugang vom VFL Eintracht Hagen."},"content":{"rendered":"<p><span style=\"color: #000000;\"><strong>Drei Fragen an&#8230; Heute Jan K\u00f6nig.<\/strong><\/span><br \/>\n<span style=\"color: #000000;\"><strong>Heute haben wir einmal unseren Neuzugang Jan K\u00f6nig zu seinen Saisonalen befragt.\u00a0<\/strong><\/span><\/p>\n<p><span style=\"color: #000000;\">TuS:<\/span><br \/>\n<span style=\"color: #000000;\">Hallo Jan. Noch einmal herzlich Willkommen im Volmetal. Du bist mit einem Zweitspielrecht f\u00fcr den TuS f\u00fcr diese Saison ausgestattet. Was versprichst Du Dir pers\u00f6nlich hiervon?<\/span><\/p>\n<p><span style=\"color: #000000;\">Jan:<\/span><br \/>\n<span style=\"color: #000000;\">&#8222;Ich erwarte mir viele Spielanteile , mit Volmetal den Klassenerhalt fr\u00fchzeitig zu schaffen und mich deutlich weiterzuentwickeln.&#8220;<\/span><\/p>\n<p><span style=\"color: #000000;\">TuS:<\/span><br \/>\n<span style=\"color: #000000;\">Du bist im Jahr 2017 aus Lemgo zum VFL Eintracht Hagen gewechselt und machst dort aktuell auch noch Dein FSJ (Freiwilliges Soziales Jahr). Wie kam der Kontakt ins Volmetal zustande?<\/span><\/p>\n<p><span style=\"color: #000000;\">Jan:<\/span><br \/>\n<span style=\"color: #000000;\">&#8222;Aufgrund der neuen Kooperation die zwischen dem VfL und Tus gegr\u00fcndet wurde , hat man Wege gesucht, wovon beide Vereine am Ende profitieren. So kam es zustande, dass Philipp Dommermuth beim VfL mittrainiert und ich mit einem Zweitspielrecht ausgestattet wurde.&#8220;<\/span><\/p>\n<p><span style=\"color: #000000;\">TuS:<\/span><br \/>\n<span style=\"color: #000000;\">Du hast nun einige Wochen mir der Mannschaft trainiert, wie bist Du von den Jungs aufgenommen worden und was ist Dein Ziel f\u00fcr die kommenden Saison.<\/span><\/p>\n<p><span style=\"color: #000000;\">Jan:<\/span><br \/>\n<span style=\"color: #000000;\">&#8222;Ich bin super aufgenommen worden von allem , nicht nur der Mannschaft, sondern auch allen au\u00dferhalb des Teams und Vorstand . Ich habe jetzt auch schon einige Momente gehabt wo man gemerkt hat , das der Handball im Volmetal eine ganz besondere Stellung hat. Ich Freue mich sehr auf das erste Heimspiel und die \u00fcberragenden Fans!\u00a0<\/span><br \/>\n<span style=\"color: #000000;\">Mein Ziel f\u00fcr die Saison ist der fr\u00fchzeitige Klassenerhalt!&#8220;\u00a0<\/span><\/p>\n<p><span style=\"color: #000000;\">Interview:<\/span><br \/>\n<span style=\"color: #000000;\">Jens Schilling<br \/>\nFoto: VFL Eintracht Hagen\u00a0<\/span><\/p>\n<p>&nbsp;<\/p>\n<p><img fetchpriority=\"high\" decoding=\"async\" class=\"alignnone size-full wp-image-9639\" src=\"https:\/\/www.volmetal-handball.de\/wp-content\/uploads\/2018\/05\/king_heim.jpg\" alt=\"\" width=\"651\" height=\"977\" srcset=\"https:\/\/www.volmetal-handball.de\/wp-content\/uploads\/2018\/05\/king_heim.jpg 651w, https:\/\/www.volmetal-handball.de\/wp-content\/uploads\/2018\/05\/king_heim-200x300.jpg 200w\" sizes=\"(max-width: 651px) 100vw, 651px\" \/><\/p>\n","protected":false},"excerpt":{"rendered":"<p>Drei Fragen an&#8230; Heute Jan K\u00f6nig. Heute haben wir einmal unseren Neuzugang Jan K\u00f6nig zu seinen Saisonalen befragt.\u00a0 TuS: Hallo Jan. Noch einmal herzlich Willkommen im Volmetal. Du bist mit einem Zweitspielrecht f\u00fcr den TuS f\u00fcr diese Saison ausgestattet. Was versprichst Du Dir pers\u00f6nlich hiervon? Jan: &#8222;Ich erwarte mir viele Spielanteile , mit Volmetal den&hellip; <a class=\"more-link\" href=\"https:\/\/www.volmetal-handball.de\/?p=9853\">Weiterlesen <span class=\"screen-reader-text\">Drei Fragen an&#8230; Heute: Jan K\u00f6nig. Unser Neuzugang vom VFL Eintracht Hagen.<\/span><\/a><\/p>\n","protected":false},"author":2,"featured_media":0,"comment_status":"closed","ping_status":"open","sticky":false,"template":"","format":"standard","meta":{"ngg_post_thumbnail":0,"_jetpack_memberships_contains_paid_content":false,"footnotes":""},"categories":[7,19],"tags":[150,35,37,33,31,38,64,119,89,29,30],"class_list":["post-9853","post","type-post","status-publish","format-standard","hentry","category-1-herren","category-handball-abteilung","tag-dhb_liga3","tag-dahl","tag-green-devils","tag-hagen","tag-handball","tag-handballhoelle","tag-heimspiel","tag-kreisliga","tag-landesliga","tag-tus-volmetal","tag-tusvolmetal"],"jetpack_featured_media_url":"","jetpack_sharing_enabled":true,"_links":{"self":[{"href":"https:\/\/www.volmetal-handball.de\/index.php?rest_route=\/wp\/v2\/posts\/9853","targetHints":{"allow":["GET"]}}],"collection":[{"href":"https:\/\/www.volmetal-handball.de\/index.php?rest_route=\/wp\/v2\/posts"}],"about":[{"href":"https:\/\/www.volmetal-handball.de\/index.php?rest_route=\/wp\/v2\/types\/post"}],"author":[{"embeddable":true,"href":"https:\/\/www.volmetal-handball.de\/index.php?rest_route=\/wp\/v2\/users\/2"}],"replies":[{"embeddable":true,"href":"https:\/\/www.volmetal-handball.de\/index.php?rest_route=%2Fwp%2Fv2%2Fcomments&post=9853"}],"version-history":[{"count":3,"href":"https:\/\/www.volmetal-handball.de\/index.php?rest_route=\/wp\/v2\/posts\/9853\/revisions"}],"predecessor-version":[{"id":9867,"href":"https:\/\/www.volmetal-handball.de\/index.php?rest_route=\/wp\/v2\/posts\/9853\/revisions\/9867"}],"wp:attachment":[{"href":"https:\/\/www.volmetal-handball.de\/index.php?rest_route=%2Fwp%2Fv2%2Fmedia&parent=9853"}],"wp:term":[{"taxonomy":"category","embeddable":true,"href":"https:\/\/www.volmetal-handball.de\/index.php?rest_route=%2Fwp%2Fv2%2Fcategories&post=9853"},{"taxonomy":"post_tag","embeddable":true,"href":"https:\/\/www.volmetal-handball.de\/index.php?rest_route=%2Fwp%2Fv2%2Ftags&post=9853"}],"curies":[{"name":"wp","href":"https:\/\/api.w.org\/{rel}","templated":true}]}}